{"id":10892,"date":"2025-12-04T16:11:47","date_gmt":"2025-12-04T19:11:47","guid":{"rendered":"https:\/\/www.sanclemente.cl\/?p=10892"},"modified":"2025-12-04T16:11:48","modified_gmt":"2025-12-04T19:11:48","slug":"concurso-directores-de-escuela-listado-de-postulantes-que-avanzan-a-entrevista-final","status":"publish","type":"post","link":"https:\/\/www.sanclemente.cl\/index.php\/2025\/12\/04\/concurso-directores-de-escuela-listado-de-postulantes-que-avanzan-a-entrevista-final\/","title":{"rendered":"CONCURSO DIRECTORES DE ESCUELA: LISTADO DE POSTULANTES QUE AVANZAN A ENTREVISTA FINAL"},"content":{"rendered":"\t\t<div data-elementor-type=\"wp-post\" data-elementor-id=\"10892\" class=\"elementor elementor-10892\">\n\t\t\t\t\t\t\t\t\t<section data-particle_enable=\"false\" data-particle-mobile-disabled=\"false\" class=\"elementor-section elementor-top-section elementor-element elementor-element-89a1fea elementor-section-boxed elementor-section-height-default elementor-section-height-default\" data-id=\"89a1fea\" data-element_type=\"section\" data-settings=\"{&quot;jet_parallax_layout_list&quot;:[{&quot;jet_parallax_layout_image&quot;:{&quot;url&quot;:&quot;&quot;,&quot;id&quot;:&quot;&quot;},&quot;_id&quot;:&quot;d384f88&quot;,&quot;jet_parallax_layout_image_tablet&quot;:{&quot;url&quot;:&quot;&quot;,&quot;id&quot;:&quot;&quot;},&quot;jet_parallax_layout_image_mobile&quot;:{&quot;url&quot;:&quot;&quot;,&quot;id&quot;:&quot;&quot;},&quot;jet_parallax_layout_speed&quot;:{&quot;unit&quot;:&quot;%&quot;,&quot;size&quot;:50,&quot;sizes&quot;:[]},&quot;jet_parallax_layout_type&quot;:&quot;scroll&quot;,&quot;jet_parallax_layout_direction&quot;:null,&quot;jet_parallax_layout_fx_direction&quot;:null,&quot;jet_parallax_layout_z_index&quot;:&quot;&quot;,&quot;jet_parallax_layout_bg_x&quot;:50,&quot;jet_parallax_layout_bg_x_tablet&quot;:&quot;&quot;,&quot;jet_parallax_layout_bg_x_mobile&quot;:&quot;&quot;,&quot;jet_parallax_layout_bg_y&quot;:50,&quot;jet_parallax_layout_bg_y_tablet&quot;:&quot;&quot;,&quot;jet_parallax_layout_bg_y_mobile&quot;:&quot;&quot;,&quot;jet_parallax_layout_bg_size&quot;:&quot;auto&quot;,&quot;jet_parallax_layout_bg_size_tablet&quot;:&quot;&quot;,&quot;jet_parallax_layout_bg_size_mobile&quot;:&quot;&quot;,&quot;jet_parallax_layout_animation_prop&quot;:&quot;transform&quot;,&quot;jet_parallax_layout_on&quot;:[&quot;desktop&quot;,&quot;tablet&quot;]}],&quot;_ha_eqh_enable&quot;:false}\">\n\t\t\t\t\t\t<div class=\"elementor-container elementor-column-gap-default\">\n\t\t\t\t\t<div class=\"elementor-column elementor-col-100 elementor-top-column elementor-element elementor-element-402c0a9\" data-id=\"402c0a9\" data-element_type=\"column\">\n\t\t\t<div class=\"elementor-widget-wrap elementor-element-populated\">\n\t\t\t\t\t\t\t\t<div class=\"elementor-element elementor-element-55fb6a7 elementor-widget elementor-widget-text-editor\" data-id=\"55fb6a7\" data-element_type=\"widget\" data-widget_type=\"text-editor.default\">\n\t\t\t\t<div class=\"elementor-widget-container\">\n\t\t\t<style>\/*! elementor - v3.9.1 - 14-12-2022 *\/\n.elementor-widget-text-editor.elementor-drop-cap-view-stacked .elementor-drop-cap{background-color:#818a91;color:#fff}.elementor-widget-text-editor.elementor-drop-cap-view-framed .elementor-drop-cap{color:#818a91;border:3px solid;background-color:transparent}.elementor-widget-text-editor:not(.elementor-drop-cap-view-default) .elementor-drop-cap{margin-top:8px}.elementor-widget-text-editor:not(.elementor-drop-cap-view-default) .elementor-drop-cap-letter{width:1em;height:1em}.elementor-widget-text-editor .elementor-drop-cap{float:left;text-align:center;line-height:1;font-size:50px}.elementor-widget-text-editor .elementor-drop-cap-letter{display:inline-block}<\/style>\t\t\t\t<p>A continuaci\u00f3n, se presenta la n\u00f3mina de postulantes a los concursos de directores correspondientes a la Escuela Arturo Prat, Liceo San Clemente Entre R\u00edos y Colegio Deidamia Paredes Bello, quienes avanzaron a la etapa <strong>ENTREVISTA FINAL CON LA COMISI\u00d3N DE ALTA DIRECCI\u00d3N P\u00daBLICA<\/strong><\/p>\t\t\t\t\t\t<\/div>\n\t\t\t\t<\/div>\n\t\t\t\t\t<\/div>\n\t\t<\/div>\n\t\t\t\t\t\t\t<\/div>\n\t\t<\/section>\n\t\t\t\t<section data-particle_enable=\"false\" data-particle-mobile-disabled=\"false\" class=\"elementor-section elementor-top-section elementor-element elementor-element-49d9538 elementor-section-boxed elementor-section-height-default elementor-section-height-default\" data-id=\"49d9538\" data-element_type=\"section\" data-settings=\"{&quot;jet_parallax_layout_list&quot;:[{&quot;jet_parallax_layout_image&quot;:{&quot;url&quot;:&quot;&quot;,&quot;id&quot;:&quot;&quot;},&quot;_id&quot;:&quot;f508692&quot;,&quot;jet_parallax_layout_image_tablet&quot;:{&quot;url&quot;:&quot;&quot;,&quot;id&quot;:&quot;&quot;},&quot;jet_parallax_layout_image_mobile&quot;:{&quot;url&quot;:&quot;&quot;,&quot;id&quot;:&quot;&quot;},&quot;jet_parallax_layout_speed&quot;:{&quot;unit&quot;:&quot;%&quot;,&quot;size&quot;:50,&quot;sizes&quot;:[]},&quot;jet_parallax_layout_type&quot;:&quot;scroll&quot;,&quot;jet_parallax_layout_direction&quot;:null,&quot;jet_parallax_layout_fx_direction&quot;:null,&quot;jet_parallax_layout_z_index&quot;:&quot;&quot;,&quot;jet_parallax_layout_bg_x&quot;:50,&quot;jet_parallax_layout_bg_x_tablet&quot;:&quot;&quot;,&quot;jet_parallax_layout_bg_x_mobile&quot;:&quot;&quot;,&quot;jet_parallax_layout_bg_y&quot;:50,&quot;jet_parallax_layout_bg_y_tablet&quot;:&quot;&quot;,&quot;jet_parallax_layout_bg_y_mobile&quot;:&quot;&quot;,&quot;jet_parallax_layout_bg_size&quot;:&quot;auto&quot;,&quot;jet_parallax_layout_bg_size_tablet&quot;:&quot;&quot;,&quot;jet_parallax_layout_bg_size_mobile&quot;:&quot;&quot;,&quot;jet_parallax_layout_animation_prop&quot;:&quot;transform&quot;,&quot;jet_parallax_layout_on&quot;:[&quot;desktop&quot;,&quot;tablet&quot;]}],&quot;_ha_eqh_enable&quot;:false}\">\n\t\t\t\t\t\t<div class=\"elementor-container elementor-column-gap-default\">\n\t\t\t\t\t<div class=\"elementor-column elementor-col-100 elementor-top-column elementor-element elementor-element-27e8635\" data-id=\"27e8635\" data-element_type=\"column\">\n\t\t\t<div class=\"elementor-widget-wrap elementor-element-populated\">\n\t\t\t\t\t\t\t\t<div class=\"elementor-element elementor-element-b303b58 elementor-widget elementor-widget-text-editor\" data-id=\"b303b58\" data-element_type=\"widget\" data-widget_type=\"text-editor.default\">\n\t\t\t\t<div class=\"elementor-widget-container\">\n\t\t\t\t\t\t\t<figure class=\"table\"><table><tbody><tr><td><strong>Escuela Arturo Prat Chac\u00f3n<\/strong><\/td><td><strong>Colegio Deidamia Paredes Bello<\/strong><\/td><td><strong>Liceo San Clemente Entre R\u00edos<\/strong><\/td><\/tr><tr><td>15.139.034<\/td><td>15.139.034<\/td><td>15.598.216<\/td><\/tr><tr><td>9.890.888<\/td><td>15.598.216<\/td><td>9.890.888<\/td><\/tr><tr><td>12.238.795<\/td><td>9.890.888<\/td><td>14.398.566<\/td><\/tr><tr><td>12.789.857<\/td><td>14.398.566<\/td><td>12.238.795<\/td><\/tr><tr><td>6.980.898<\/td><td>12.238.795<\/td><td>10.338.686<\/td><\/tr><tr><td>9.913.751<\/td><td>14.056.021<\/td><td>13.101.512<\/td><\/tr><tr><td>13.101.512<\/td><td>13.786.990<\/td><td>8.025.686<\/td><\/tr><tr><td>7.958.866<\/td><td>9.913.751<\/td><td>\u00a0<\/td><\/tr><tr><td>\u00a0<\/td><td>13.101.512<\/td><td>\u00a0<\/td><\/tr><\/tbody><\/table><\/figure>\t\t\t\t\t\t<\/div>\n\t\t\t\t<\/div>\n\t\t\t\t\t<\/div>\n\t\t<\/div>\n\t\t\t\t\t\t\t<\/div>\n\t\t<\/section>\n\t\t\t\t\t\t\t<\/div>\n\t\t","protected":false},"excerpt":{"rendered":"<p>A continuaci\u00f3n, se presenta la n\u00f3mina de postulantes a los concursos de directores correspondientes a la Escuela Arturo Prat, Liceo San Clemente Entre R\u00edos y Colegio Deidamia Paredes Bello, quienes&hellip;<\/p>\n","protected":false},"author":1,"featured_media":10869,"comment_status":"closed","ping_status":"open","sticky":false,"template":"","format":"standard","meta":{"footnotes":"","_expiration-date-status":"","_expiration-date":1764875485,"_expiration-date-type":"draft","_expiration-date-categories":[],"_expiration-date-options":[]},"categories":[7,12],"tags":[],"class_list":["post-10892","post","type-post","status-publish","format-standard","has-post-thumbnail","hentry","category-destacado","category-municipal"],"_links":{"self":[{"href":"https:\/\/www.sanclemente.cl\/index.php\/wp-json\/wp\/v2\/posts\/10892","targetHints":{"allow":["GET"]}}],"collection":[{"href":"https:\/\/www.sanclemente.cl\/index.php\/wp-json\/wp\/v2\/posts"}],"about":[{"href":"https:\/\/www.sanclemente.cl\/index.php\/wp-json\/wp\/v2\/types\/post"}],"author":[{"embeddable":true,"href":"https:\/\/www.sanclemente.cl\/index.php\/wp-json\/wp\/v2\/users\/1"}],"replies":[{"embeddable":true,"href":"https:\/\/www.sanclemente.cl\/index.php\/wp-json\/wp\/v2\/comments?post=10892"}],"version-history":[{"count":4,"href":"https:\/\/www.sanclemente.cl\/index.php\/wp-json\/wp\/v2\/posts\/10892\/revisions"}],"predecessor-version":[{"id":10896,"href":"https:\/\/www.sanclemente.cl\/index.php\/wp-json\/wp\/v2\/posts\/10892\/revisions\/10896"}],"wp:featuredmedia":[{"embeddable":true,"href":"https:\/\/www.sanclemente.cl\/index.php\/wp-json\/wp\/v2\/media\/10869"}],"wp:attachment":[{"href":"https:\/\/www.sanclemente.cl\/index.php\/wp-json\/wp\/v2\/media?parent=10892"}],"wp:term":[{"taxonomy":"category","embeddable":true,"href":"https:\/\/www.sanclemente.cl\/index.php\/wp-json\/wp\/v2\/categories?post=10892"},{"taxonomy":"post_tag","embeddable":true,"href":"https:\/\/www.sanclemente.cl\/index.php\/wp-json\/wp\/v2\/tags?post=10892"}],"curies":[{"name":"wp","href":"https:\/\/api.w.org\/{rel}","templated":true}]}}