{"id":1331,"date":"2022-06-21T10:11:24","date_gmt":"2022-06-21T14:11:24","guid":{"rendered":"https:\/\/www.sanclemente.cl\/?p=1331"},"modified":"2022-06-22T11:31:52","modified_gmt":"2022-06-22T15:31:52","slug":"alcaldesa-hizo-entrega-de-subvenciones-municipales-a-organizaciones-sociales-de-san-clemente","status":"publish","type":"post","link":"https:\/\/www.sanclemente.cl\/index.php\/2022\/06\/21\/alcaldesa-hizo-entrega-de-subvenciones-municipales-a-organizaciones-sociales-de-san-clemente\/","title":{"rendered":"Alcaldesa hizo entrega de subvenciones municipales a organizaciones sociales de San Clemente"},"content":{"rendered":"\n<p>La alcaldesa Mar\u00eda In\u00e9s Sep\u00falveda entreg\u00f3 Subvenciones Municipales a organizaciones sociales y deportivas de la comuna de San Clemente, con la finalidad de apoyarlos en sus labores y objetivos particulares.<\/p>\n\n\n\n<p>El Concejo Municipal aprob\u00f3 recursos para el Club Deportivo Esmeralda Unida, la Agrupaci\u00f3n de Postrados Cuidador Cu\u00eddate y la Corporaci\u00f3n de Ayuda al Ni\u00f1o Quemado, que fueron recibidos por sus representantes. <\/p>\n\n\n\n<p>El Club Deportivo Esmeralda Unida recibi\u00f3 2 millones 600 mil 300 pesos; la Agrupaci\u00f3n de Postrados Cuidador Cu\u00eddate, recibi\u00f3 4 millones 500 mil pesos; y la Corporaci\u00f3n de Ayuda al Ni\u00f1o Quemado, recibi\u00f3 1 mill\u00f3n de pesos. <\/p>\n\n\n\n<figure class=\"wp-block-image size-full\"><img decoding=\"async\" width=\"1024\" height=\"768\" src=\"https:\/\/www.sanclemente.cl\/wp-content\/uploads\/2022\/06\/Subvenciones-1-1024x768-2.jpeg\" alt=\"\" class=\"wp-image-1365\" srcset=\"https:\/\/www.sanclemente.cl\/wp-content\/uploads\/2022\/06\/Subvenciones-1-1024x768-2.jpeg 1024w, https:\/\/www.sanclemente.cl\/wp-content\/uploads\/2022\/06\/Subvenciones-1-1024x768-2-300x225.jpeg 300w, https:\/\/www.sanclemente.cl\/wp-content\/uploads\/2022\/06\/Subvenciones-1-1024x768-2-768x576.jpeg 768w\" sizes=\"(max-width: 1024px) 100vw, 1024px\" \/><\/figure>\n\n\n\n<figure class=\"wp-block-image size-full\"><img decoding=\"async\" width=\"1024\" height=\"768\" src=\"https:\/\/www.sanclemente.cl\/wp-content\/uploads\/2022\/06\/Subvenciones-3-1024x768-1.jpeg\" alt=\"\" class=\"wp-image-1366\" srcset=\"https:\/\/www.sanclemente.cl\/wp-content\/uploads\/2022\/06\/Subvenciones-3-1024x768-1.jpeg 1024w, https:\/\/www.sanclemente.cl\/wp-content\/uploads\/2022\/06\/Subvenciones-3-1024x768-1-300x225.jpeg 300w, https:\/\/www.sanclemente.cl\/wp-content\/uploads\/2022\/06\/Subvenciones-3-1024x768-1-768x576.jpeg 768w\" sizes=\"(max-width: 1024px) 100vw, 1024px\" \/><\/figure>\n\n\n\n<figure class=\"wp-block-image size-full\"><img decoding=\"async\" width=\"1024\" height=\"768\" src=\"https:\/\/www.sanclemente.cl\/wp-content\/uploads\/2022\/06\/Subvenciones-2-1024x768-1.jpeg\" alt=\"\" class=\"wp-image-1368\" srcset=\"https:\/\/www.sanclemente.cl\/wp-content\/uploads\/2022\/06\/Subvenciones-2-1024x768-1.jpeg 1024w, https:\/\/www.sanclemente.cl\/wp-content\/uploads\/2022\/06\/Subvenciones-2-1024x768-1-300x225.jpeg 300w, https:\/\/www.sanclemente.cl\/wp-content\/uploads\/2022\/06\/Subvenciones-2-1024x768-1-768x576.jpeg 768w\" sizes=\"(max-width: 1024px) 100vw, 1024px\" \/><\/figure>\n","protected":false},"excerpt":{"rendered":"<p>La alcaldesa Mar\u00eda In\u00e9s Sep\u00falveda entreg\u00f3 Subvenciones Municipales a organizaciones sociales y deportivas de la comuna de San Clemente, con la finalidad de apoyarlos en sus labores y objetivos particulares.&hellip;<\/p>\n","protected":false},"author":1,"featured_media":1332,"comment_status":"closed","ping_status":"open","sticky":false,"template":"","format":"standard","meta":{"footnotes":"","_expiration-date-status":"","_expiration-date":0,"_expiration-date-type":"","_expiration-date-categories":[],"_expiration-date-options":[]},"categories":[12],"tags":[],"class_list":["post-1331","post","type-post","status-publish","format-standard","has-post-thumbnail","hentry","category-municipal"],"_links":{"self":[{"href":"https:\/\/www.sanclemente.cl\/index.php\/wp-json\/wp\/v2\/posts\/1331","targetHints":{"allow":["GET"]}}],"collection":[{"href":"https:\/\/www.sanclemente.cl\/index.php\/wp-json\/wp\/v2\/posts"}],"about":[{"href":"https:\/\/www.sanclemente.cl\/index.php\/wp-json\/wp\/v2\/types\/post"}],"author":[{"embeddable":true,"href":"https:\/\/www.sanclemente.cl\/index.php\/wp-json\/wp\/v2\/users\/1"}],"replies":[{"embeddable":true,"href":"https:\/\/www.sanclemente.cl\/index.php\/wp-json\/wp\/v2\/comments?post=1331"}],"version-history":[{"count":2,"href":"https:\/\/www.sanclemente.cl\/index.php\/wp-json\/wp\/v2\/posts\/1331\/revisions"}],"predecessor-version":[{"id":1369,"href":"https:\/\/www.sanclemente.cl\/index.php\/wp-json\/wp\/v2\/posts\/1331\/revisions\/1369"}],"wp:featuredmedia":[{"embeddable":true,"href":"https:\/\/www.sanclemente.cl\/index.php\/wp-json\/wp\/v2\/media\/1332"}],"wp:attachment":[{"href":"https:\/\/www.sanclemente.cl\/index.php\/wp-json\/wp\/v2\/media?parent=1331"}],"wp:term":[{"taxonomy":"category","embeddable":true,"href":"https:\/\/www.sanclemente.cl\/index.php\/wp-json\/wp\/v2\/categories?post=1331"},{"taxonomy":"post_tag","embeddable":true,"href":"https:\/\/www.sanclemente.cl\/index.php\/wp-json\/wp\/v2\/tags?post=1331"}],"curies":[{"name":"wp","href":"https:\/\/api.w.org\/{rel}","templated":true}]}}