{"id":1598,"date":"2022-07-07T17:26:35","date_gmt":"2022-07-07T21:26:35","guid":{"rendered":"https:\/\/www.sanclemente.cl\/?p=1598"},"modified":"2022-07-08T16:46:47","modified_gmt":"2022-07-08T20:46:47","slug":"elecciones-cosoc-2022-2026","status":"publish","type":"post","link":"https:\/\/www.sanclemente.cl\/index.php\/2022\/07\/07\/elecciones-cosoc-2022-2026\/","title":{"rendered":"Elecciones Consejo Comunal de Organizaciones de la Sociedad Civil en San Clemente 2022-2026"},"content":{"rendered":"\n<p>La Ilustre Municipalidad de San Clemente invita a las organizaciones territoriales y funcionales que se encuentran vigentes en la comuna, a participar en la conformaci\u00f3n del Consejo de la Sociedad Civil 2022-2026.<\/p>\n\n\n\n<p>Este organismo debe estar representado por integrantes de organizaciones de diferentes \u00e1mbitos: deportivo, cultural, adulto mayor, educaci\u00f3n, discapacidad, juntas de vecinos, artesanos, agricultores, comercio, entre otros.<\/p>\n\n\n\n<p>En la p\u00e1gina se pueden encontrar los siguientes documentos: calendario de actividades a realizar con motivo del proceso eleccionario y las entidades relevantes y de inter\u00e9s p\u00fablico. <\/p>\n\n\n\n<p>REQUISITOS <\/p>\n\n\n\n<p>-Tener 18 a\u00f1os de edad, con excepci\u00f3n de los representantes de organizaciones se\u00f1aladas en la Ley 19.418.<br>&#8211; Tener un a\u00f1o de afiliaci\u00f3n, como m\u00ednimo, a una organizaci\u00f3n del estamento, en caso que corresponda, en el momento de la elecci\u00f3n.<br>&#8211; Ser chileno o extranjero avecindado en el pa\u00eds <\/p>\n\n\n\n<div data-wp-interactive=\"core\/file\" class=\"wp-block-file\"><object data-wp-bind--hidden=\"!state.hasPdfPreview\" hidden class=\"wp-block-file__embed\" data=\"https:\/\/www.sanclemente.cl\/wp-content\/uploads\/2022\/07\/CORREGIDO-ENTIDADES-A-PUBLICAR-EN-PAGINA-WEB-corregido.pdf\" type=\"application\/pdf\" style=\"width:100%;height:600px\" aria-label=\"Incrustado de Incrustado de CORREGIDO-ENTIDADES-A-PUBLICAR-EN-PAGINA-WEB-corregido..\"><\/object><a id=\"wp-block-file--media-0c941e0f-2b1b-41b2-8340-d6f8f14300d1\" href=\"https:\/\/www.sanclemente.cl\/wp-content\/uploads\/2022\/07\/CORREGIDO-ENTIDADES-A-PUBLICAR-EN-PAGINA-WEB-corregido.pdf\">CORREGIDO-ENTIDADES-A-PUBLICAR-EN-PAGINA-WEB-corregido<\/a><a href=\"https:\/\/www.sanclemente.cl\/wp-content\/uploads\/2022\/07\/CORREGIDO-ENTIDADES-A-PUBLICAR-EN-PAGINA-WEB-corregido.pdf\" class=\"wp-block-file__button\" download aria-describedby=\"wp-block-file--media-0c941e0f-2b1b-41b2-8340-d6f8f14300d1\">Descarga<\/a><\/div>\n","protected":false},"excerpt":{"rendered":"<p>La Ilustre Municipalidad de San Clemente invita a las organizaciones territoriales y funcionales que se encuentran vigentes en la comuna, a participar en la conformaci\u00f3n del Consejo de la Sociedad&hellip;<\/p>\n","protected":false},"author":1,"featured_media":1605,"comment_status":"closed","ping_status":"open","sticky":false,"template":"","format":"standard","meta":{"footnotes":"","_expiration-date-status":"","_expiration-date":1657313041,"_expiration-date-type":"draft","_expiration-date-categories":[],"_expiration-date-options":[]},"categories":[12],"tags":[],"class_list":["post-1598","post","type-post","status-publish","format-standard","has-post-thumbnail","hentry","category-municipal"],"_links":{"self":[{"href":"https:\/\/www.sanclemente.cl\/index.php\/wp-json\/wp\/v2\/posts\/1598","targetHints":{"allow":["GET"]}}],"collection":[{"href":"https:\/\/www.sanclemente.cl\/index.php\/wp-json\/wp\/v2\/posts"}],"about":[{"href":"https:\/\/www.sanclemente.cl\/index.php\/wp-json\/wp\/v2\/types\/post"}],"author":[{"embeddable":true,"href":"https:\/\/www.sanclemente.cl\/index.php\/wp-json\/wp\/v2\/users\/1"}],"replies":[{"embeddable":true,"href":"https:\/\/www.sanclemente.cl\/index.php\/wp-json\/wp\/v2\/comments?post=1598"}],"version-history":[{"count":3,"href":"https:\/\/www.sanclemente.cl\/index.php\/wp-json\/wp\/v2\/posts\/1598\/revisions"}],"predecessor-version":[{"id":1632,"href":"https:\/\/www.sanclemente.cl\/index.php\/wp-json\/wp\/v2\/posts\/1598\/revisions\/1632"}],"wp:featuredmedia":[{"embeddable":true,"href":"https:\/\/www.sanclemente.cl\/index.php\/wp-json\/wp\/v2\/media\/1605"}],"wp:attachment":[{"href":"https:\/\/www.sanclemente.cl\/index.php\/wp-json\/wp\/v2\/media?parent=1598"}],"wp:term":[{"taxonomy":"category","embeddable":true,"href":"https:\/\/www.sanclemente.cl\/index.php\/wp-json\/wp\/v2\/categories?post=1598"},{"taxonomy":"post_tag","embeddable":true,"href":"https:\/\/www.sanclemente.cl\/index.php\/wp-json\/wp\/v2\/tags?post=1598"}],"curies":[{"name":"wp","href":"https:\/\/api.w.org\/{rel}","templated":true}]}}