{"id":2216,"date":"2022-08-10T09:57:05","date_gmt":"2022-08-10T13:57:05","guid":{"rendered":"https:\/\/www.sanclemente.cl\/?p=2216"},"modified":"2022-08-10T09:57:07","modified_gmt":"2022-08-10T13:57:07","slug":"gran-celebracion-del-dia-del-nino-y-nina-en-san-clemente","status":"publish","type":"post","link":"https:\/\/www.sanclemente.cl\/index.php\/2022\/08\/10\/gran-celebracion-del-dia-del-nino-y-nina-en-san-clemente\/","title":{"rendered":"GRAN CELEBRACI\u00d3N DEL D\u00cdA DEL NI\u00d1O Y NI\u00d1A EN SAN CLEMENTE"},"content":{"rendered":"\n<p>Pese a que las condiciones clim\u00e1ticas impidieron realizar la actividad la semana pasada, el Municipio de San Clemente, liderado por la Alcaldesa Mar\u00eda In\u00e9s Sep\u00falveda y el Concejo Municipal, realizar\u00e1n la gran celebraci\u00f3n del D\u00eda del Ni\u00f1o y Ni\u00f1a este jueves 11 y viernes 12 de agosto, en el sector rural y urbano de la comuna.<\/p>\n\n\n\n<p>Celebraci\u00f3n sector rural, jueves 11 de agosto, de 14:00 a 15:30 horas, escuela b\u00e1sica de Corralones.<\/p>\n\n\n\n<p>Celebraci\u00f3n sector urbano, viernes 12 de agosto, de 14:00 a 17:30 horas, plaza de armas de San Clemente.<\/p>\n\n\n\n<p>M\u00fasica, juegos, titeres, pinta caritas, baile, danza, show de talentos y muchas divertidas sorpresas especialmente pensadas en los ni\u00f1os y las ni\u00f1as de San Clemente.<\/p>\n\n\n\n<figure class=\"wp-block-image size-full\"><img decoding=\"async\" width=\"765\" height=\"960\" src=\"https:\/\/www.sanclemente.cl\/wp-content\/uploads\/2022\/08\/dia-del-nino-4.jpg\" alt=\"\" class=\"wp-image-2215\" srcset=\"https:\/\/www.sanclemente.cl\/wp-content\/uploads\/2022\/08\/dia-del-nino-4.jpg 765w, https:\/\/www.sanclemente.cl\/wp-content\/uploads\/2022\/08\/dia-del-nino-4-239x300.jpg 239w\" sizes=\"(max-width: 765px) 100vw, 765px\" \/><\/figure>\n\n\n\n<figure class=\"wp-block-image size-full\"><img decoding=\"async\" width=\"765\" height=\"960\" src=\"https:\/\/www.sanclemente.cl\/wp-content\/uploads\/2022\/08\/dia-del-nino-1.jpg\" alt=\"\" class=\"wp-image-2212\" srcset=\"https:\/\/www.sanclemente.cl\/wp-content\/uploads\/2022\/08\/dia-del-nino-1.jpg 765w, https:\/\/www.sanclemente.cl\/wp-content\/uploads\/2022\/08\/dia-del-nino-1-239x300.jpg 239w\" sizes=\"(max-width: 765px) 100vw, 765px\" \/><\/figure>\n\n\n\n<figure class=\"wp-block-image size-full\"><img decoding=\"async\" width=\"765\" height=\"960\" src=\"https:\/\/www.sanclemente.cl\/wp-content\/uploads\/2022\/08\/dia-del-nino-3.jpg\" alt=\"\" class=\"wp-image-2214\" srcset=\"https:\/\/www.sanclemente.cl\/wp-content\/uploads\/2022\/08\/dia-del-nino-3.jpg 765w, https:\/\/www.sanclemente.cl\/wp-content\/uploads\/2022\/08\/dia-del-nino-3-239x300.jpg 239w\" sizes=\"(max-width: 765px) 100vw, 765px\" \/><\/figure>\n\n\n\n<figure class=\"wp-block-image size-full\"><img decoding=\"async\" src=\"https:\/\/www.sanclemente.cl\/wp-content\/uploads\/2022\/08\/dia-del-nino-2.jpg\" alt=\"\" class=\"wp-image-2213\"\/><\/figure>\n","protected":false},"excerpt":{"rendered":"<p>Pese a que las condiciones clim\u00e1ticas impidieron realizar la actividad la semana pasada, el Municipio de San Clemente, liderado por la Alcaldesa Mar\u00eda In\u00e9s Sep\u00falveda y el Concejo Municipal, realizar\u00e1n&hellip;<\/p>\n","protected":false},"author":1,"featured_media":2215,"comment_status":"closed","ping_status":"open","sticky":false,"template":"","format":"standard","meta":{"footnotes":"","_expiration-date-status":"","_expiration-date":1660139527,"_expiration-date-type":"draft","_expiration-date-categories":[],"_expiration-date-options":[]},"categories":[13,12,14],"tags":[],"class_list":["post-2216","post","type-post","status-publish","format-standard","has-post-thumbnail","hentry","category-educacion","category-municipal","category-salud"],"_links":{"self":[{"href":"https:\/\/www.sanclemente.cl\/index.php\/wp-json\/wp\/v2\/posts\/2216","targetHints":{"allow":["GET"]}}],"collection":[{"href":"https:\/\/www.sanclemente.cl\/index.php\/wp-json\/wp\/v2\/posts"}],"about":[{"href":"https:\/\/www.sanclemente.cl\/index.php\/wp-json\/wp\/v2\/types\/post"}],"author":[{"embeddable":true,"href":"https:\/\/www.sanclemente.cl\/index.php\/wp-json\/wp\/v2\/users\/1"}],"replies":[{"embeddable":true,"href":"https:\/\/www.sanclemente.cl\/index.php\/wp-json\/wp\/v2\/comments?post=2216"}],"version-history":[{"count":1,"href":"https:\/\/www.sanclemente.cl\/index.php\/wp-json\/wp\/v2\/posts\/2216\/revisions"}],"predecessor-version":[{"id":2217,"href":"https:\/\/www.sanclemente.cl\/index.php\/wp-json\/wp\/v2\/posts\/2216\/revisions\/2217"}],"wp:featuredmedia":[{"embeddable":true,"href":"https:\/\/www.sanclemente.cl\/index.php\/wp-json\/wp\/v2\/media\/2215"}],"wp:attachment":[{"href":"https:\/\/www.sanclemente.cl\/index.php\/wp-json\/wp\/v2\/media?parent=2216"}],"wp:term":[{"taxonomy":"category","embeddable":true,"href":"https:\/\/www.sanclemente.cl\/index.php\/wp-json\/wp\/v2\/categories?post=2216"},{"taxonomy":"post_tag","embeddable":true,"href":"https:\/\/www.sanclemente.cl\/index.php\/wp-json\/wp\/v2\/tags?post=2216"}],"curies":[{"name":"wp","href":"https:\/\/api.w.org\/{rel}","templated":true}]}}