{"id":3977,"date":"2022-09-22T17:45:48","date_gmt":"2022-09-22T20:45:48","guid":{"rendered":"https:\/\/www.sanclemente.cl\/?p=3977"},"modified":"2022-09-29T16:41:09","modified_gmt":"2022-09-29T19:41:09","slug":"ssmaule-y-municipalidad-de-san-clemente-acuerdan-priorizacion-de-proyectos","status":"publish","type":"post","link":"https:\/\/www.sanclemente.cl\/index.php\/2022\/09\/22\/ssmaule-y-municipalidad-de-san-clemente-acuerdan-priorizacion-de-proyectos\/","title":{"rendered":"SSMaule y Municipalidad de San Clemente acuerdan priorizaci\u00f3n de proyectos"},"content":{"rendered":"\n<p><em>En una primera etapa se impulsar\u00e1 la construcci\u00f3n del CECOSF Villa San Clemente y reposici\u00f3n de posta La Placeta, as\u00ed como potenciar estrategias de atenci\u00f3n en salud mental de forma presencial y remota.<\/em><\/p>\n\n\n<div class=\"wp-block-image\">\n<figure class=\"aligncenter size-large is-resized\"><img decoding=\"async\" src=\"https:\/\/www.sanclemente.cl\/wp-content\/uploads\/2022\/09\/WhatsApp-Image-2022-09-22-at-5.23.04-PM-1-1024x768.jpeg\" alt=\"\" class=\"wp-image-3979\" width=\"768\" height=\"576\" srcset=\"https:\/\/www.sanclemente.cl\/wp-content\/uploads\/2022\/09\/WhatsApp-Image-2022-09-22-at-5.23.04-PM-1-1024x768.jpeg 1024w, https:\/\/www.sanclemente.cl\/wp-content\/uploads\/2022\/09\/WhatsApp-Image-2022-09-22-at-5.23.04-PM-1-300x225.jpeg 300w, https:\/\/www.sanclemente.cl\/wp-content\/uploads\/2022\/09\/WhatsApp-Image-2022-09-22-at-5.23.04-PM-1-768x576.jpeg 768w, https:\/\/www.sanclemente.cl\/wp-content\/uploads\/2022\/09\/WhatsApp-Image-2022-09-22-at-5.23.04-PM-1-1536x1152.jpeg 1536w, https:\/\/www.sanclemente.cl\/wp-content\/uploads\/2022\/09\/WhatsApp-Image-2022-09-22-at-5.23.04-PM-1.jpeg 1600w\" sizes=\"(max-width: 768px) 100vw, 768px\" \/><\/figure>\n<\/div>\n\n\n<hr class=\"wp-block-separator has-alpha-channel-opacity\" \/>\n\n\n\n<p>Una significativa reuni\u00f3n, liderada por Director (s) del Servicio de Salud Maule, SSM, Nolasco P\u00e9rez, se sostuvo con alcaldesa de San Clemente, Mar\u00eda In\u00e9s Sep\u00falveda, donde se abord\u00f3 la priorizaci\u00f3n de proyectos de reposici\u00f3n de postas y CECOSF (Centros Comunitarios de Salud Familiar), as\u00ed como de estrategias de atenci\u00f3n en salud mental, entre otros temas.<\/p>\n\n\n\n<p>En la ocasi\u00f3n, la m\u00e1xima autoridad comunal se mostr\u00f3 muy satisfecha de la presencia del Director del SSMaule y su equipo, dadas las iniciativas del \u00e1rea salud que est\u00e1n impulsando, muy necesarias para la comuna m\u00e1s grande de la regi\u00f3n que presenta un alto \u00edndice de ruralidad, encuentro en el que se expusieron las principales inquietudes.<\/p>\n\n\n\n<p>\u201cCreo que un trabajo mancomunado es fundamental para poder avanzar en temas tan importantes como la construcci\u00f3n de un Centro de Salud Mental Comunitario (CSMC), contar con los profesionales que la ciudadan\u00eda requiere. Tenemos alta demanda, una comuna con muchos adultos mayores, con sectores muy apartados del centro. Por lo tanto, necesitamos mejorar y agilizar nuestra infraestructura y postular a muchos proyectos\u2026as\u00ed que nos comprometemos a empujar con mayor fuerza para tener resultados lo antes posible por nuestras vecinas y vecinos\u201d, expres\u00f3 la alcaldesa.<\/p>\n\n\n<div class=\"wp-block-image\">\n<figure class=\"aligncenter size-large is-resized\"><img decoding=\"async\" src=\"https:\/\/www.sanclemente.cl\/wp-content\/uploads\/2022\/09\/WhatsApp-Image-2022-09-22-at-5.23.05-PM-1024x768.jpeg\" alt=\"\" class=\"wp-image-3980\" width=\"512\" height=\"384\" srcset=\"https:\/\/www.sanclemente.cl\/wp-content\/uploads\/2022\/09\/WhatsApp-Image-2022-09-22-at-5.23.05-PM-1024x768.jpeg 1024w, https:\/\/www.sanclemente.cl\/wp-content\/uploads\/2022\/09\/WhatsApp-Image-2022-09-22-at-5.23.05-PM-300x225.jpeg 300w, https:\/\/www.sanclemente.cl\/wp-content\/uploads\/2022\/09\/WhatsApp-Image-2022-09-22-at-5.23.05-PM-768x576.jpeg 768w, https:\/\/www.sanclemente.cl\/wp-content\/uploads\/2022\/09\/WhatsApp-Image-2022-09-22-at-5.23.05-PM-1536x1152.jpeg 1536w, https:\/\/www.sanclemente.cl\/wp-content\/uploads\/2022\/09\/WhatsApp-Image-2022-09-22-at-5.23.05-PM.jpeg 1600w\" sizes=\"(max-width: 512px) 100vw, 512px\" \/><\/figure>\n<\/div>\n\n\n<p>De esta forma, se acord\u00f3 priorizar los proyectos de construcci\u00f3n de CECOSF Villa San Clemente y reposici\u00f3n de Posta La Placeta. En una segunda etapa las reposiciones de los CECOSF Aurora y Chile Nuevo. Mientras que en una tercera etapa Postas Las Lomas y Santa Elena.<\/p>\n\n\n\n<p>En la cita, donde estuvieron presentes tambi\u00e9n integrantes del equipo de salud comunal, se pudieron resolver dudas de gesti\u00f3n en algunos avances de los proyectos que ya presenta la comuna.<\/p>\n\n\n\n<p>\u201cEstamos muy interesados en apoyar el desarrollo de la salud primaria en San Clemente en todas las iniciativas que tiene el equipo de salud y la alcaldesa y por eso nos hemos desplazado hasta la comuna. Ha sido una muy provechosa reuni\u00f3n, donde hemos podido avanzar en temas necesarios para la salud de los pacientes y beneficiarios de San Clemente\u201d, se\u00f1al\u00f3 Nolasco P\u00e9rez. En lo que respecta a salud mental, \u00e1rea que se present\u00f3 como deficitaria por parte del equipo de Salud Municipal, ya que no poseen un Centro de Salud Mental Comunitario, CSMC, se acord\u00f3 en primer t\u00e9rmino y a corto plazo, fortalecer la estrategia de intervenci\u00f3n en la comuna, ya sea con atenci\u00f3n de especialista (psiquiatra) de forma presencial o remota y a su vez, gestionar la instalaci\u00f3n de un centro, iniciativa a largo plazo, ya que por lo menos para el pr\u00f3ximo a\u00f1o la regi\u00f3n no est\u00e1 priorizada en este tema.<\/p>\n","protected":false},"excerpt":{"rendered":"<p>En una primera etapa se impulsar\u00e1 la construcci\u00f3n del CECOSF Villa San Clemente y reposici\u00f3n de posta La Placeta, as\u00ed como potenciar estrategias de atenci\u00f3n en salud mental de forma&hellip;<\/p>\n","protected":false},"author":6,"featured_media":3978,"comment_status":"closed","ping_status":"open","sticky":false,"template":"","format":"standard","meta":{"footnotes":"","_expiration-date-status":"","_expiration-date":1663879346,"_expiration-date-type":"draft","_expiration-date-categories":[],"_expiration-date-options":[]},"categories":[14],"tags":[],"class_list":["post-3977","post","type-post","status-publish","format-standard","has-post-thumbnail","hentry","category-salud"],"_links":{"self":[{"href":"https:\/\/www.sanclemente.cl\/index.php\/wp-json\/wp\/v2\/posts\/3977","targetHints":{"allow":["GET"]}}],"collection":[{"href":"https:\/\/www.sanclemente.cl\/index.php\/wp-json\/wp\/v2\/posts"}],"about":[{"href":"https:\/\/www.sanclemente.cl\/index.php\/wp-json\/wp\/v2\/types\/post"}],"author":[{"embeddable":true,"href":"https:\/\/www.sanclemente.cl\/index.php\/wp-json\/wp\/v2\/users\/6"}],"replies":[{"embeddable":true,"href":"https:\/\/www.sanclemente.cl\/index.php\/wp-json\/wp\/v2\/comments?post=3977"}],"version-history":[{"count":2,"href":"https:\/\/www.sanclemente.cl\/index.php\/wp-json\/wp\/v2\/posts\/3977\/revisions"}],"predecessor-version":[{"id":4022,"href":"https:\/\/www.sanclemente.cl\/index.php\/wp-json\/wp\/v2\/posts\/3977\/revisions\/4022"}],"wp:featuredmedia":[{"embeddable":true,"href":"https:\/\/www.sanclemente.cl\/index.php\/wp-json\/wp\/v2\/media\/3978"}],"wp:attachment":[{"href":"https:\/\/www.sanclemente.cl\/index.php\/wp-json\/wp\/v2\/media?parent=3977"}],"wp:term":[{"taxonomy":"category","embeddable":true,"href":"https:\/\/www.sanclemente.cl\/index.php\/wp-json\/wp\/v2\/categories?post=3977"},{"taxonomy":"post_tag","embeddable":true,"href":"https:\/\/www.sanclemente.cl\/index.php\/wp-json\/wp\/v2\/tags?post=3977"}],"curies":[{"name":"wp","href":"https:\/\/api.w.org\/{rel}","templated":true}]}}