{"id":4267,"date":"2022-10-18T16:37:33","date_gmt":"2022-10-18T19:37:33","guid":{"rendered":"https:\/\/www.sanclemente.cl\/?p=4267"},"modified":"2022-10-18T16:38:19","modified_gmt":"2022-10-18T19:38:19","slug":"proceso-de-seleccion-de-profesional-fonoaudiologo-a-del-equipo-del-servicio-especializado-del-programa-red-local-de-apoyos-y-cuidados","status":"publish","type":"post","link":"https:\/\/www.sanclemente.cl\/index.php\/2022\/10\/18\/proceso-de-seleccion-de-profesional-fonoaudiologo-a-del-equipo-del-servicio-especializado-del-programa-red-local-de-apoyos-y-cuidados\/","title":{"rendered":"PROCESO DE SELECCI\u00d3N DE PROFESIONAL FONOAUDI\u00d3LOGO \/A DEL EQUIPO DEL SERVICIO ESPECIALIZADO DEL PROGRAMA RED LOCAL DE APOYOS Y CUIDADOS"},"content":{"rendered":"\n<ol class=\"wp-block-list\" type=\"1\"><li>Etapas del proceso<\/li><\/ol>\n\n\n\n<ol class=\"wp-block-list\" type=\"a\"><li>Cargo 1: Profesional Fonoaudi\u00f3logo \/a.<\/li><li>&nbsp;Vacantes: una vacante, jornada de 22 horas semanales.<\/li><li>Renta Bruta: $550.000.<\/li><li>Modalidad de contrato: Honorarios prestaci\u00f3n de servicios.<\/li><li>Etapas del proceso:<\/li><\/ol>\n\n\n\n<figure class=\"wp-block-table\"><table><tbody><tr><td>N\u00b0<\/td><td>Etapas<\/td><\/tr><tr><td>1<\/td><td>Recepci\u00f3n de antecedentes: Desde el Martes 18 hasta el Mi\u00e9rcoles 2 de Noviembre de 2022 a las 12:00 horas en oficina de partes Municipalidad de San Clemente.<\/td><\/tr><tr><td>2<\/td><td>Revisi\u00f3n de antecedentes curriculares: Mi\u00e9rcoles 2 de Noviembre de 2022.<\/td><\/tr><tr><td>3<\/td><td>Entrevista: Jueves 03 y viernes 04 de noviembre de 2022, lugar y hora por confirmar.<\/td><\/tr><tr><td>4<\/td><td>Selecci\u00f3n (Acta de selecci\u00f3n): lunes 07 y martes 08 de noviembre de 2022.<\/td><\/tr><tr><td>5<\/td><td>Proceso de contrataci\u00f3n: mi\u00e9rcoles 09 \u2013 viernes 11 de noviembre de 2022.<\/td><\/tr><tr><td>6<\/td><td>Inicio de las funciones: lunes 14 de noviembre de 2022.<\/td><\/tr><\/tbody><\/table><\/figure>\n\n\n\n<ul class=\"wp-block-list\"><li><strong>Documentaci\u00f3n requerida<\/strong><\/li><\/ul>\n\n\n\n<figure class=\"wp-block-table\"><table><tbody><tr><td><strong>N\u00b0<\/strong><\/td><td><strong>Documentos<\/strong><\/td><\/tr><tr><td><strong>1<\/strong><\/td><td>Curr\u00edculum Vitae.<\/td><\/tr><tr><td><strong>2<\/strong><\/td><td>Fotocopia c\u00e9dula de identidad.<\/td><\/tr><tr><td><strong>3<\/strong><\/td><td>Certificado de antecedentes para fines especiales.<\/td><\/tr><tr><td><strong>4<\/strong><\/td><td>Certificado de inhabilidades para trabajar con menores de edad.<\/td><\/tr><tr><td><strong>5<\/strong><\/td><td>T\u00edtulo Profesional de Fonoaudi\u00f3logo\/a<\/td><\/tr><tr><td><strong>6<\/strong><\/td><td>Certificaciones o cursos afines (no excluyente).<\/td><\/tr><\/tbody><\/table><\/figure>\n\n\n\n<ul class=\"wp-block-list\"><li>Requisito Profesionales Servicio Fonoaudiolog\u00eda.<\/li><\/ul>\n\n\n\n<ul class=\"wp-block-list\"><li><strong>Presentaci\u00f3n<\/strong><\/li><\/ul>\n\n\n\n<p>El componente de servicios especializados en el programa Red Local de Apoyos y Cuidados, busca contribuir a que las personas en situaci\u00f3n de dependencia y sus cuidadoras\/es accedan a servicios y prestaciones sociales de apoyos y cuidados, de manera integral, oportuna y articulada, de acuerdo a sus caracter\u00edsticas y necesidades. Profesional deber\u00e1 abordar tem\u00e1ticas tales como degluci\u00f3n, lenguaje, habla y audici\u00f3n seg\u00fan sea necesidad, lo cual garantizar\u00e1 una atenci\u00f3n constante y permanente por parte del profesional.&nbsp; Las intervenciones se planificaran en funci\u00f3n de los informes diagn\u00f3sticos y reevaluaci\u00f3n elaborados por \u00e9l\/la profesional de SSEE, en coordinaci\u00f3n con el beneficiario. Especialistas y profesionales entregan los servicios seg\u00fan plan de cuidados y plan de intervenci\u00f3n por especialidad en el domicilio del beneficiario.<\/p>\n\n\n\n<ul class=\"wp-block-list\"><li><strong>Requisitos de admisibilidad para postulaci\u00f3n profesional\/t\u00e9cnica Servicios Especializados.<\/strong><strong><\/strong><\/li><\/ul>\n\n\n\n<ul class=\"wp-block-list\"><li>T\u00edtulo Profesional Fonoaudiolog\u00eda.<\/li><li>No registrar antecedentes penales ni sentencias por violencia contra la mujer o intrafamiliar, se requiere presentaci\u00f3n de certificado de antecedentes.<\/li><li>No registrar antecedentes en el sitio del Registro Civil \u201cConsulta inhabilidades para trabajar con menores de edad\u201d.<\/li><\/ul>\n\n\n\n<ul class=\"wp-block-list\"><li><strong>&nbsp;Requisitos t\u00e9cnicos para la postulaci\u00f3n del cargo<\/strong><strong> <\/strong><strong><\/strong><\/li><li>Antecedentes de al menos un a\u00f1o de experiencia laboral comprobable en programas asociados a servicios sociosanitarios dirigidos a personas con dependencia, discapacidad y\/o personas mayores (no excluyente).<\/li><li>Presentar idoneidad psicol\u00f3gica al cargo que postula.<\/li><li>Se valorar\u00e1 positivamente<ul><li>Experiencia y conocimiento en la Red Local de Apoyos y Cuidados.<\/li><\/ul><ul><li>Experiencia en terreno de proyectos de servicios sociosanitarios a personas con dependencia o discapacidad, cuidados.<\/li><\/ul><ul><li>Capacitaci\u00f3n, postgrados o estudios de perfeccionamiento y especialidad en alguno de los siguientes \u00e1mbitos: Poblaci\u00f3n con discapacidad y dependencia, Enfoque de Derechos de las PsD, Enfoque Comunitario, Rehabilitaci\u00f3n Basada en la Comunidad, Cursos en el \u00e1rea de Protecci\u00f3n Social, Atenci\u00f3n Centrada en la Persona o Gesti\u00f3n de Redes.&nbsp;<\/li><\/ul><ul><li>Experiencia en trabajo en red en el \u00e1mbito de la gesti\u00f3n municipal sociosanitaria.<\/li><\/ul><\/li><\/ul>\n\n\n\n<p><strong>3.4. Funciones Profesional Fonoaudi\u00f3logo\/a.<\/strong><strong> <\/strong><strong><\/strong><\/p>\n\n\n\n<figure class=\"wp-block-table\"><table><tbody><tr><td><strong>Integrante Equipo Servicios Especializados<\/strong><\/td><\/tr><tr><td>Lo anterior incluye: &nbsp; Planificar terreno y visitas a domicilio en coordinaci\u00f3n con el resto de los integrantes de los servicios y consensuado con Coordinador\/a de SSEE, de acuerdo al Flujograma de SSEE establecido. Aplicar pautas de evaluaci\u00f3n propias de la especialidad para identificar variables psicosociales y\/o sociosanitarias a intervenir. &nbsp; Mantener carpeta usuaria y\/o plataforma con los datos de los usuarios\/as atendidos actualizados. Reforzar y relevar las capacidades presentes para resolver las problem\u00e1ticas que se observan en el hogar. Elaborar plan de intervenci\u00f3n consensuado con la diada y Coordinador\/a SSEE. Ser\u00e1 responsable de actualizar dicha informaci\u00f3n y\/o derivar a otro servicio, seg\u00fan corresponda. Participar activamente de las reuniones de an\u00e1lisis y gesti\u00f3n de casos de SSEE y la Red Local de Apoyos y Cuidados. Integrar atenciones con otras especialidades de SSEE, la Red Local y otros servicios relacionados. Consensuar objetivos comunes que contengan una mirada interdisciplinaria del ejercicio profesional\/t\u00e9cnico. Reevaluar seg\u00fan corresponda. Promover y\/o participar de atenciones o intervenciones grupales y\/o comunitarias, que contemplen la participaci\u00f3n de organizaciones sociales de y para PSDF, organizaciones de cuidadoras\/es, comunidad, otros. Conocer la oferta local e identificar a los actores de la red de SSEE.Aplicar est\u00e1ndar de calidad en el desarrollo de las sesiones, seg\u00fan las orientaciones t\u00e9cnicas de SSEE.<\/td><\/tr><\/tbody><\/table><\/figure>\n\n\n\n<p><strong>3.5. El o la profesional Fonoaudi\u00f3logo\/a ser\u00e1 responsable de las siguientes actividades<\/strong><\/p>\n\n\n\n<ol class=\"wp-block-list\" type=\"1\"><li>Atender a usuarios\/as, cuidadores\/as, familiares y\/o red de apoyo de beneficiarios\/as, de acuerdo con las capacidades y necesidades identificadas en el proceso de evaluaci\u00f3n.<\/li><li>Participar de reuniones interdisciplinarias de an\u00e1lisis y gesti\u00f3n de casos.<\/li><li>Establecer y mantener canales de comunicaci\u00f3n efectiva entre los equipos t\u00e9cnicos (Red Local, otros servicios).<\/li><li>Cumplir con lo propuesto en el plan de intervenci\u00f3n elaborado y sesiones a domicilio.<\/li><li>Establecer y mantener el v\u00ednculo con las familias.<\/li><li>Reportar, a lo menos, semanalmente a Coordinador\/a SSEE.<\/li><\/ol>\n\n\n\n<p><strong>3.6. Habilidades, capacidades y destrezas<\/strong><\/p>\n\n\n\n<ul class=\"wp-block-list\"><li>Colaboraci\u00f3n y trabajo en equipos multi e interdisciplinarios: Capacidad para trabajar en permanente coordinaci\u00f3n y cooperaci\u00f3n con otros t\u00e9cnicos y\/o profesionales asociados al programa.<\/li><li>Pro-actividad: Iniciativa, capacidad de llevar adelante acciones por motivaci\u00f3n propia.<\/li><li>Comunicaci\u00f3n efectiva<\/li><li>Organizaci\u00f3n y planificaci\u00f3n<\/li><li>Flexibilidad<\/li><\/ul>\n\n\n\n<figure class=\"wp-block-image size-full\"><img decoding=\"async\" width=\"1024\" height=\"442\" src=\"https:\/\/www.sanclemente.cl\/wp-content\/uploads\/2022\/10\/Banner-Oferta-de-Trabajo-1024x442-1.jpg\" alt=\"\" class=\"wp-image-4268\" srcset=\"https:\/\/www.sanclemente.cl\/wp-content\/uploads\/2022\/10\/Banner-Oferta-de-Trabajo-1024x442-1.jpg 1024w, https:\/\/www.sanclemente.cl\/wp-content\/uploads\/2022\/10\/Banner-Oferta-de-Trabajo-1024x442-1-300x129.jpg 300w, https:\/\/www.sanclemente.cl\/wp-content\/uploads\/2022\/10\/Banner-Oferta-de-Trabajo-1024x442-1-768x332.jpg 768w\" sizes=\"(max-width: 1024px) 100vw, 1024px\" \/><\/figure>\n","protected":false},"excerpt":{"rendered":"<p>Etapas del proceso Cargo 1: Profesional Fonoaudi\u00f3logo \/a. &nbsp;Vacantes: una vacante, jornada de 22 horas semanales. Renta Bruta: $550.000. Modalidad de contrato: Honorarios prestaci\u00f3n de servicios. Etapas del proceso: N\u00b0&hellip;<\/p>\n","protected":false},"author":6,"featured_media":4268,"comment_status":"closed","ping_status":"open","sticky":false,"template":"","format":"standard","meta":{"footnotes":"","_expiration-date-status":"","_expiration-date":0,"_expiration-date-type":"","_expiration-date-categories":[],"_expiration-date-options":[]},"categories":[22,12],"tags":[],"class_list":["post-4267","post","type-post","status-publish","format-standard","has-post-thumbnail","hentry","category-concurso-publico","category-municipal"],"_links":{"self":[{"href":"https:\/\/www.sanclemente.cl\/index.php\/wp-json\/wp\/v2\/posts\/4267","targetHints":{"allow":["GET"]}}],"collection":[{"href":"https:\/\/www.sanclemente.cl\/index.php\/wp-json\/wp\/v2\/posts"}],"about":[{"href":"https:\/\/www.sanclemente.cl\/index.php\/wp-json\/wp\/v2\/types\/post"}],"author":[{"embeddable":true,"href":"https:\/\/www.sanclemente.cl\/index.php\/wp-json\/wp\/v2\/users\/6"}],"replies":[{"embeddable":true,"href":"https:\/\/www.sanclemente.cl\/index.php\/wp-json\/wp\/v2\/comments?post=4267"}],"version-history":[{"count":1,"href":"https:\/\/www.sanclemente.cl\/index.php\/wp-json\/wp\/v2\/posts\/4267\/revisions"}],"predecessor-version":[{"id":4269,"href":"https:\/\/www.sanclemente.cl\/index.php\/wp-json\/wp\/v2\/posts\/4267\/revisions\/4269"}],"wp:featuredmedia":[{"embeddable":true,"href":"https:\/\/www.sanclemente.cl\/index.php\/wp-json\/wp\/v2\/media\/4268"}],"wp:attachment":[{"href":"https:\/\/www.sanclemente.cl\/index.php\/wp-json\/wp\/v2\/media?parent=4267"}],"wp:term":[{"taxonomy":"category","embeddable":true,"href":"https:\/\/www.sanclemente.cl\/index.php\/wp-json\/wp\/v2\/categories?post=4267"},{"taxonomy":"post_tag","embeddable":true,"href":"https:\/\/www.sanclemente.cl\/index.php\/wp-json\/wp\/v2\/tags?post=4267"}],"curies":[{"name":"wp","href":"https:\/\/api.w.org\/{rel}","templated":true}]}}