{"id":5083,"date":"2023-01-18T17:07:52","date_gmt":"2023-01-18T20:07:52","guid":{"rendered":"https:\/\/www.sanclemente.cl\/?p=5083"},"modified":"2023-01-18T18:06:05","modified_gmt":"2023-01-18T21:06:05","slug":"vialidad","status":"publish","type":"post","link":"https:\/\/www.sanclemente.cl\/index.php\/2023\/01\/18\/vialidad\/","title":{"rendered":"????????? ?????? ?? ???????? ? ????????? ??????????? ??????? ?? ????????????? ??? ?????? ? ?????????"},"content":{"rendered":"\t\t<div data-elementor-type=\"wp-post\" data-elementor-id=\"5083\" class=\"elementor elementor-5083\">\n\t\t\t\t\t\t\t\t\t<section data-particle_enable=\"false\" data-particle-mobile-disabled=\"false\" class=\"elementor-section elementor-top-section elementor-element elementor-element-4364ccbd elementor-section-boxed elementor-section-height-default elementor-section-height-default\" data-id=\"4364ccbd\" data-element_type=\"section\" data-settings=\"{&quot;jet_parallax_layout_list&quot;:[{&quot;jet_parallax_layout_image&quot;:{&quot;url&quot;:&quot;&quot;,&quot;id&quot;:&quot;&quot;},&quot;_id&quot;:&quot;5e7f953&quot;,&quot;jet_parallax_layout_image_tablet&quot;:{&quot;url&quot;:&quot;&quot;,&quot;id&quot;:&quot;&quot;},&quot;jet_parallax_layout_image_mobile&quot;:{&quot;url&quot;:&quot;&quot;,&quot;id&quot;:&quot;&quot;},&quot;jet_parallax_layout_speed&quot;:{&quot;unit&quot;:&quot;%&quot;,&quot;size&quot;:50,&quot;sizes&quot;:[]},&quot;jet_parallax_layout_type&quot;:&quot;scroll&quot;,&quot;jet_parallax_layout_direction&quot;:null,&quot;jet_parallax_layout_fx_direction&quot;:null,&quot;jet_parallax_layout_z_index&quot;:&quot;&quot;,&quot;jet_parallax_layout_bg_x&quot;:50,&quot;jet_parallax_layout_bg_x_tablet&quot;:&quot;&quot;,&quot;jet_parallax_layout_bg_x_mobile&quot;:&quot;&quot;,&quot;jet_parallax_layout_bg_y&quot;:50,&quot;jet_parallax_layout_bg_y_tablet&quot;:&quot;&quot;,&quot;jet_parallax_layout_bg_y_mobile&quot;:&quot;&quot;,&quot;jet_parallax_layout_bg_size&quot;:&quot;auto&quot;,&quot;jet_parallax_layout_bg_size_tablet&quot;:&quot;&quot;,&quot;jet_parallax_layout_bg_size_mobile&quot;:&quot;&quot;,&quot;jet_parallax_layout_animation_prop&quot;:&quot;transform&quot;,&quot;jet_parallax_layout_on&quot;:[&quot;desktop&quot;,&quot;tablet&quot;]}],&quot;_ha_eqh_enable&quot;:false}\">\n\t\t\t\t\t\t<div class=\"elementor-container elementor-column-gap-default\">\n\t\t\t\t\t<div class=\"elementor-column elementor-col-100 elementor-top-column elementor-element elementor-element-42f725cb\" data-id=\"42f725cb\" data-element_type=\"column\">\n\t\t\t<div class=\"elementor-widget-wrap elementor-element-populated\">\n\t\t\t\t\t\t\t\t<div class=\"elementor-element elementor-element-1b34c9e elementor-widget elementor-widget-heading\" data-id=\"1b34c9e\" data-element_type=\"widget\" data-widget_type=\"heading.default\">\n\t\t\t\t<div class=\"elementor-widget-container\">\n\t\t\t<style>\/*! elementor - v3.9.1 - 14-12-2022 *\/\n.elementor-heading-title{padding:0;margin:0;line-height:1}.elementor-widget-heading .elementor-heading-title[class*=elementor-size-]>a{color:inherit;font-size:inherit;line-height:inherit}.elementor-widget-heading .elementor-heading-title.elementor-size-small{font-size:15px}.elementor-widget-heading .elementor-heading-title.elementor-size-medium{font-size:19px}.elementor-widget-heading .elementor-heading-title.elementor-size-large{font-size:29px}.elementor-widget-heading .elementor-heading-title.elementor-size-xl{font-size:39px}.elementor-widget-heading .elementor-heading-title.elementor-size-xxl{font-size:59px}<\/style><h3 class=\"elementor-heading-title elementor-size-large\">INSPECTOR FISCAL DE VIALIDAD Y ALCALDESA CONSTATARON AVANCES DE MEJORAMIENTOS DEL CAMINO A MARIPOSAS<\/h3>\t\t<\/div>\n\t\t\t\t<\/div>\n\t\t\t\t<div class=\"elementor-element elementor-element-2fe95e16 elementor-widget elementor-widget-text-editor\" data-id=\"2fe95e16\" data-element_type=\"widget\" data-widget_type=\"text-editor.default\">\n\t\t\t\t<div class=\"elementor-widget-container\">\n\t\t\t<style>\/*! elementor - v3.9.1 - 14-12-2022 *\/\n.elementor-widget-text-editor.elementor-drop-cap-view-stacked .elementor-drop-cap{background-color:#818a91;color:#fff}.elementor-widget-text-editor.elementor-drop-cap-view-framed .elementor-drop-cap{color:#818a91;border:3px solid;background-color:transparent}.elementor-widget-text-editor:not(.elementor-drop-cap-view-default) .elementor-drop-cap{margin-top:8px}.elementor-widget-text-editor:not(.elementor-drop-cap-view-default) .elementor-drop-cap-letter{width:1em;height:1em}.elementor-widget-text-editor .elementor-drop-cap{float:left;text-align:center;line-height:1;font-size:50px}.elementor-widget-text-editor .elementor-drop-cap-letter{display:inline-block}<\/style>\t\t\t\t<!-- wp:image {\"id\":5235,\"width\":768,\"height\":576,\"sizeSlug\":\"large\",\"linkDestination\":\"none\"} -->\n<figure class=\"wp-block-image size-large is-resized\"><img decoding=\"async\" class=\"wp-image-5235 aligncenter\" src=\"https:\/\/www.sanclemente.cl\/wp-content\/uploads\/2023\/01\/VIALIDAD-1024x768.jpg\" alt=\"\" width=\"768\" height=\"576\" srcset=\"https:\/\/www.sanclemente.cl\/wp-content\/uploads\/2023\/01\/VIALIDAD-1024x768.jpg 1024w, https:\/\/www.sanclemente.cl\/wp-content\/uploads\/2023\/01\/VIALIDAD-300x225.jpg 300w, https:\/\/www.sanclemente.cl\/wp-content\/uploads\/2023\/01\/VIALIDAD-768x576.jpg 768w, https:\/\/www.sanclemente.cl\/wp-content\/uploads\/2023\/01\/VIALIDAD-1536x1152.jpg 1536w, https:\/\/www.sanclemente.cl\/wp-content\/uploads\/2023\/01\/VIALIDAD-560x420.jpg 560w, https:\/\/www.sanclemente.cl\/wp-content\/uploads\/2023\/01\/VIALIDAD.jpg 1600w\" sizes=\"(max-width: 768px) 100vw, 768px\" \/><\/figure>\n<!-- \/wp:image --><!-- wp:paragraph {\"align\":\"left\",\"fontSize\":\"large\"} -->\n<p class=\"has-text-align-left has-large-font-size\">Durante la ma\u00f1ana de este lunes 16 de enero, la \ud835\uddee\ud835\uddf9\ud835\uddf0\ud835\uddee\ud835\uddf9\ud835\uddf1\ud835\uddf2\ud835\ude00\ud835\uddee \ud835\udde0\ud835\uddee\ud835\uddff\ud835\uddf6\ud835\uddee \ud835\udddc\ud835\uddfb\ud835\uddf2\ud835\ude00 \ud835\udde6\ud835\uddf2\ud835\uddfd\ud835\ude02\ud835\uddf9\ud835\ude03\ud835\uddf2\ud835\uddf1\ud835\uddee \ud835\uddd9\ud835\ude02\ud835\uddf2\ud835\uddfb\ud835\ude01\ud835\uddf2\ud835\ude00, en compa\u00f1\u00eda del Inspector Fiscal de la Direcci\u00f3n Regional de Vialidad, Rodrigo Guti\u00e9rrez, realizaron un recorrido por el camino hacia Mariposas, para constatar en terreno el estado de los avances de mejoramiento en materia de calzada y seguridad vial en el sector.<\/p>\n<!-- \/wp:paragraph --><!-- wp:paragraph {\"align\":\"left\",\"fontSize\":\"large\"} -->\n<p class=\"has-text-align-left has-large-font-size\">Recordar que las obras de reparaci\u00f3n fueron gestionadas personalmente por la alcaldesa ante el Ministerio de Obras P\u00fablicas Chile y la Direcci\u00f3n Regional de Vialidad, luego de que la ruta se viera altamente afectada tras las obras de construcci\u00f3n del alcantarillado -y posterior abandono- por parte de la empresa Claro Vicu\u00f1a Valenzuela (CVV) en el sector.<\/p>\n<!-- \/wp:paragraph --><!-- wp:paragraph {\"align\":\"left\",\"fontSize\":\"large\"} -->\n<p class=\"has-text-align-left has-large-font-size\">Si bien el camino se encuentra reparado en su totalidad, a\u00fan faltan las intervenciones de seguridad vial, como las demarcaciones, las que ser\u00e1n agregadas pr\u00f3ximamente por parte de la Direcci\u00f3n Regional de Vialidad, por lo que se solicita a los vecinos y vecinas del sector (y a los conductores en general) precauci\u00f3n al momento de transitar por la v\u00eda.<\/p>\n<!-- \/wp:paragraph -->\t\t\t\t\t\t<\/div>\n\t\t\t\t<\/div>\n\t\t\t\t\t<\/div>\n\t\t<\/div>\n\t\t\t\t\t\t\t<\/div>\n\t\t<\/section>\n\t\t\t\t\t\t\t<\/div>\n\t\t","protected":false},"excerpt":{"rendered":"<p>INSPECTOR FISCAL DE VIALIDAD Y ALCALDESA CONSTATARON AVANCES DE MEJORAMIENTOS DEL CAMINO A MARIPOSAS Durante la ma\u00f1ana de este lunes 16 de enero, la ????????? ????? ???? ????????? ???????, en&hellip;<\/p>\n","protected":false},"author":1,"featured_media":5236,"comment_status":"closed","ping_status":"closed","sticky":false,"template":"elementor_canvas","format":"standard","meta":{"footnotes":"","_expiration-date-status":"","_expiration-date":0,"_expiration-date-type":"","_expiration-date-categories":[],"_expiration-date-options":[]},"categories":[7,12],"tags":[],"class_list":["post-5083","post","type-post","status-publish","format-standard","has-post-thumbnail","hentry","category-destacado","category-municipal"],"_links":{"self":[{"href":"https:\/\/www.sanclemente.cl\/index.php\/wp-json\/wp\/v2\/posts\/5083","targetHints":{"allow":["GET"]}}],"collection":[{"href":"https:\/\/www.sanclemente.cl\/index.php\/wp-json\/wp\/v2\/posts"}],"about":[{"href":"https:\/\/www.sanclemente.cl\/index.php\/wp-json\/wp\/v2\/types\/post"}],"author":[{"embeddable":true,"href":"https:\/\/www.sanclemente.cl\/index.php\/wp-json\/wp\/v2\/users\/1"}],"replies":[{"embeddable":true,"href":"https:\/\/www.sanclemente.cl\/index.php\/wp-json\/wp\/v2\/comments?post=5083"}],"version-history":[{"count":9,"href":"https:\/\/www.sanclemente.cl\/index.php\/wp-json\/wp\/v2\/posts\/5083\/revisions"}],"predecessor-version":[{"id":5259,"href":"https:\/\/www.sanclemente.cl\/index.php\/wp-json\/wp\/v2\/posts\/5083\/revisions\/5259"}],"wp:featuredmedia":[{"embeddable":true,"href":"https:\/\/www.sanclemente.cl\/index.php\/wp-json\/wp\/v2\/media\/5236"}],"wp:attachment":[{"href":"https:\/\/www.sanclemente.cl\/index.php\/wp-json\/wp\/v2\/media?parent=5083"}],"wp:term":[{"taxonomy":"category","embeddable":true,"href":"https:\/\/www.sanclemente.cl\/index.php\/wp-json\/wp\/v2\/categories?post=5083"},{"taxonomy":"post_tag","embeddable":true,"href":"https:\/\/www.sanclemente.cl\/index.php\/wp-json\/wp\/v2\/tags?post=5083"}],"curies":[{"name":"wp","href":"https:\/\/api.w.org\/{rel}","templated":true}]}}