{"id":5238,"date":"2023-01-18T17:18:45","date_gmt":"2023-01-18T20:18:45","guid":{"rendered":"https:\/\/www.sanclemente.cl\/?p=5238"},"modified":"2023-01-18T18:10:59","modified_gmt":"2023-01-18T21:10:59","slug":"carmenere","status":"publish","type":"post","link":"https:\/\/www.sanclemente.cl\/index.php\/2023\/01\/18\/carmenere\/","title":{"rendered":"????????? ????????? ??? ??????????? ?? ?? ?? ??????? ?? &#8220;?? ????? ??? ?????????&#8221;"},"content":{"rendered":"\t\t<div data-elementor-type=\"wp-post\" data-elementor-id=\"5238\" class=\"elementor elementor-5238\">\n\t\t\t\t\t\t\t\t\t<section data-particle_enable=\"false\" data-particle-mobile-disabled=\"false\" class=\"elementor-section elementor-top-section elementor-element elementor-element-25fcabdf elementor-section-boxed elementor-section-height-default elementor-section-height-default\" data-id=\"25fcabdf\" data-element_type=\"section\" data-settings=\"{&quot;jet_parallax_layout_list&quot;:[{&quot;jet_parallax_layout_image&quot;:{&quot;url&quot;:&quot;&quot;,&quot;id&quot;:&quot;&quot;},&quot;_id&quot;:&quot;8fabf09&quot;,&quot;jet_parallax_layout_image_tablet&quot;:{&quot;url&quot;:&quot;&quot;,&quot;id&quot;:&quot;&quot;},&quot;jet_parallax_layout_image_mobile&quot;:{&quot;url&quot;:&quot;&quot;,&quot;id&quot;:&quot;&quot;},&quot;jet_parallax_layout_speed&quot;:{&quot;unit&quot;:&quot;%&quot;,&quot;size&quot;:50,&quot;sizes&quot;:[]},&quot;jet_parallax_layout_type&quot;:&quot;scroll&quot;,&quot;jet_parallax_layout_direction&quot;:null,&quot;jet_parallax_layout_fx_direction&quot;:null,&quot;jet_parallax_layout_z_index&quot;:&quot;&quot;,&quot;jet_parallax_layout_bg_x&quot;:50,&quot;jet_parallax_layout_bg_x_tablet&quot;:&quot;&quot;,&quot;jet_parallax_layout_bg_x_mobile&quot;:&quot;&quot;,&quot;jet_parallax_layout_bg_y&quot;:50,&quot;jet_parallax_layout_bg_y_tablet&quot;:&quot;&quot;,&quot;jet_parallax_layout_bg_y_mobile&quot;:&quot;&quot;,&quot;jet_parallax_layout_bg_size&quot;:&quot;auto&quot;,&quot;jet_parallax_layout_bg_size_tablet&quot;:&quot;&quot;,&quot;jet_parallax_layout_bg_size_mobile&quot;:&quot;&quot;,&quot;jet_parallax_layout_animation_prop&quot;:&quot;transform&quot;,&quot;jet_parallax_layout_on&quot;:[&quot;desktop&quot;,&quot;tablet&quot;]}],&quot;_ha_eqh_enable&quot;:false}\">\n\t\t\t\t\t\t<div class=\"elementor-container elementor-column-gap-default\">\n\t\t\t\t\t<div class=\"elementor-column elementor-col-100 elementor-top-column elementor-element elementor-element-546596b7\" data-id=\"546596b7\" data-element_type=\"column\">\n\t\t\t<div class=\"elementor-widget-wrap elementor-element-populated\">\n\t\t\t\t\t\t\t\t<div class=\"elementor-element elementor-element-2121254c elementor-widget elementor-widget-text-editor\" data-id=\"2121254c\" data-element_type=\"widget\" data-widget_type=\"text-editor.default\">\n\t\t\t\t<div class=\"elementor-widget-container\">\n\t\t\t<style>\/*! elementor - v3.9.1 - 14-12-2022 *\/\n.elementor-widget-text-editor.elementor-drop-cap-view-stacked .elementor-drop-cap{background-color:#818a91;color:#fff}.elementor-widget-text-editor.elementor-drop-cap-view-framed .elementor-drop-cap{color:#818a91;border:3px solid;background-color:transparent}.elementor-widget-text-editor:not(.elementor-drop-cap-view-default) .elementor-drop-cap{margin-top:8px}.elementor-widget-text-editor:not(.elementor-drop-cap-view-default) .elementor-drop-cap-letter{width:1em;height:1em}.elementor-widget-text-editor .elementor-drop-cap{float:left;text-align:center;line-height:1;font-size:50px}.elementor-widget-text-editor .elementor-drop-cap-letter{display:inline-block}<\/style>\t\t\t\t<!-- wp:image {\"align\":\"center\",\"id\":5239,\"sizeSlug\":\"large\",\"linkDestination\":\"none\"} -->\n<figure class=\"wp-block-image aligncenter size-large\"><img decoding=\"async\" width=\"1024\" height=\"683\" src=\"https:\/\/www.sanclemente.cl\/wp-content\/uploads\/2023\/01\/carmenere-1024x683.jpg\" alt=\"\" class=\"wp-image-5239\" srcset=\"https:\/\/www.sanclemente.cl\/wp-content\/uploads\/2023\/01\/carmenere-1024x683.jpg 1024w, https:\/\/www.sanclemente.cl\/wp-content\/uploads\/2023\/01\/carmenere-300x200.jpg 300w, https:\/\/www.sanclemente.cl\/wp-content\/uploads\/2023\/01\/carmenere-768x512.jpg 768w, https:\/\/www.sanclemente.cl\/wp-content\/uploads\/2023\/01\/carmenere-1536x1024.jpg 1536w, https:\/\/www.sanclemente.cl\/wp-content\/uploads\/2023\/01\/carmenere-560x373.jpg 560w, https:\/\/www.sanclemente.cl\/wp-content\/uploads\/2023\/01\/carmenere.jpg 1920w\" sizes=\"(max-width: 1024px) 100vw, 1024px\" \/><\/figure>\n<!-- \/wp:image -->\n\n<!-- wp:paragraph {\"fontSize\":\"large\"} -->\n<p class=\"has-large-font-size\">Este martes 17 de enero y con la presencia de la \ud835\uddee\ud835\uddf9\ud835\uddf0\ud835\uddee\ud835\uddf9\ud835\uddf1\ud835\uddf2\ud835\ude00\ud835\uddee \ud835\udde0\ud835\uddee\ud835\uddff\ud835\uddf6\ud835\uddee \ud835\udddc\ud835\uddfb\ud835\uddf2\ud835\ude00 \ud835\udde6\ud835\uddf2\ud835\uddfd\ud835\ude02\ud835\uddf9\ud835\ude03\ud835\uddf2\ud835\uddf1\ud835\uddee \ud835\uddd9\ud835\ude02\ud835\uddf2\ud835\uddfb\ud835\ude01\ud835\uddf2\ud835\ude00, se realiz\u00f3 el lanzamiento de la XX versi\u00f3n de la &#8220;Noche del Carmenere&#8221;, encuentro maulino a desarrollarse en San Clemente, junto a los principales actores de la vitivinicultura y gastronom\u00eda del Valle del Maule, este viernes 20 de enero, desde las 20:00 horas en Espacio Ankamapu.<\/p>\n<!-- \/wp:paragraph -->\n\n<!-- wp:image {\"id\":5240,\"sizeSlug\":\"large\",\"linkDestination\":\"none\"} -->\n<figure class=\"wp-block-image size-large\"><img decoding=\"async\" width=\"1024\" height=\"683\" src=\"https:\/\/www.sanclemente.cl\/wp-content\/uploads\/2023\/01\/brindis-1024x683.jpg\" alt=\"\" class=\"wp-image-5240\" srcset=\"https:\/\/www.sanclemente.cl\/wp-content\/uploads\/2023\/01\/brindis-1024x683.jpg 1024w, https:\/\/www.sanclemente.cl\/wp-content\/uploads\/2023\/01\/brindis-300x200.jpg 300w, https:\/\/www.sanclemente.cl\/wp-content\/uploads\/2023\/01\/brindis-768x512.jpg 768w, https:\/\/www.sanclemente.cl\/wp-content\/uploads\/2023\/01\/brindis-1536x1024.jpg 1536w, https:\/\/www.sanclemente.cl\/wp-content\/uploads\/2023\/01\/brindis-560x373.jpg 560w, https:\/\/www.sanclemente.cl\/wp-content\/uploads\/2023\/01\/brindis.jpg 1920w\" sizes=\"(max-width: 1024px) 100vw, 1024px\" \/><\/figure>\n<!-- \/wp:image -->\n\n<!-- wp:paragraph {\"fontSize\":\"large\"} -->\n<p class=\"has-large-font-size\">El lanzamiento del evento tambi\u00e9n cont\u00f3 con la presencia del Director de Fomento de la comuna de San Javier, Patricio Dom\u00ednguez; la presidenta de la Ruta del vino Valle del Maule, Bernardita Troncoso; la gerenta de la ruta del Valle del Maule, Marcela Leni y el gerente de la <a href=\"https:\/\/www.facebook.com\/CulturaSanClement?__cft__[0]=AZWJ6hLoKj5AJX15QYW5Az2Pg8lS6p-pTUbeJPLoB3WgQpV-pqbDwhadhLq_DHXVNtVFiLe6L5YGEb_Ce5RmmVANevEvw9VHtTvFiFEK4YQuuzLNMqMplgZIgf7yViUq0N82fFJbkxsoNusWzTZOqykl6DkSjb9JAGFafzG3WHS4-InpNtUudAZhsw7TCUPAJhI&amp;__tn__=-]K-R\">Corporaci\u00f3n Municipal de Cultura San Clemente<\/a>, Waldo Alfaro.<\/p>\n<!-- \/wp:paragraph -->\t\t\t\t\t\t<\/div>\n\t\t\t\t<\/div>\n\t\t\t\t\t<\/div>\n\t\t<\/div>\n\t\t\t\t\t\t\t<\/div>\n\t\t<\/section>\n\t\t\t\t\t\t\t<\/div>\n\t\t","protected":false},"excerpt":{"rendered":"<p>Este martes 17 de enero y con la presencia de la ????????? ????? ???? ????????? ???????, se realiz\u00f3 el lanzamiento de la XX versi\u00f3n de la &#8220;Noche del Carmenere&#8221;, encuentro&hellip;<\/p>\n","protected":false},"author":1,"featured_media":5241,"comment_status":"closed","ping_status":"closed","sticky":false,"template":"","format":"standard","meta":{"footnotes":"","_expiration-date-status":"","_expiration-date":1674076210,"_expiration-date-type":"draft","_expiration-date-categories":[],"_expiration-date-options":[]},"categories":[7,12],"tags":[],"class_list":["post-5238","post","type-post","status-publish","format-standard","has-post-thumbnail","hentry","category-destacado","category-municipal"],"_links":{"self":[{"href":"https:\/\/www.sanclemente.cl\/index.php\/wp-json\/wp\/v2\/posts\/5238","targetHints":{"allow":["GET"]}}],"collection":[{"href":"https:\/\/www.sanclemente.cl\/index.php\/wp-json\/wp\/v2\/posts"}],"about":[{"href":"https:\/\/www.sanclemente.cl\/index.php\/wp-json\/wp\/v2\/types\/post"}],"author":[{"embeddable":true,"href":"https:\/\/www.sanclemente.cl\/index.php\/wp-json\/wp\/v2\/users\/1"}],"replies":[{"embeddable":true,"href":"https:\/\/www.sanclemente.cl\/index.php\/wp-json\/wp\/v2\/comments?post=5238"}],"version-history":[{"count":5,"href":"https:\/\/www.sanclemente.cl\/index.php\/wp-json\/wp\/v2\/posts\/5238\/revisions"}],"predecessor-version":[{"id":5266,"href":"https:\/\/www.sanclemente.cl\/index.php\/wp-json\/wp\/v2\/posts\/5238\/revisions\/5266"}],"wp:featuredmedia":[{"embeddable":true,"href":"https:\/\/www.sanclemente.cl\/index.php\/wp-json\/wp\/v2\/media\/5241"}],"wp:attachment":[{"href":"https:\/\/www.sanclemente.cl\/index.php\/wp-json\/wp\/v2\/media?parent=5238"}],"wp:term":[{"taxonomy":"category","embeddable":true,"href":"https:\/\/www.sanclemente.cl\/index.php\/wp-json\/wp\/v2\/categories?post=5238"},{"taxonomy":"post_tag","embeddable":true,"href":"https:\/\/www.sanclemente.cl\/index.php\/wp-json\/wp\/v2\/tags?post=5238"}],"curies":[{"name":"wp","href":"https:\/\/api.w.org\/{rel}","templated":true}]}}