{"id":5246,"date":"2023-01-18T17:24:00","date_gmt":"2023-01-18T20:24:00","guid":{"rendered":"https:\/\/www.sanclemente.cl\/?p=5246"},"modified":"2023-01-18T18:07:40","modified_gmt":"2023-01-18T21:07:40","slug":"rutacorralones","status":"publish","type":"post","link":"https:\/\/www.sanclemente.cl\/index.php\/2023\/01\/18\/rutacorralones\/","title":{"rendered":"????????? ? ???? ?????????? ?? ???????? ????? ??????????? ???? ? ?????????? ? ?? ??????? ???? ????????? ??????? ?? ?? ???????"},"content":{"rendered":"\t\t<div data-elementor-type=\"wp-post\" data-elementor-id=\"5246\" class=\"elementor elementor-5246\">\n\t\t\t\t\t\t\t\t\t<section data-particle_enable=\"false\" data-particle-mobile-disabled=\"false\" class=\"elementor-section elementor-top-section elementor-element elementor-element-693cd0c7 elementor-section-boxed elementor-section-height-default elementor-section-height-default\" data-id=\"693cd0c7\" data-element_type=\"section\" data-settings=\"{&quot;jet_parallax_layout_list&quot;:[{&quot;jet_parallax_layout_image&quot;:{&quot;url&quot;:&quot;&quot;,&quot;id&quot;:&quot;&quot;},&quot;_id&quot;:&quot;983457a&quot;,&quot;jet_parallax_layout_image_tablet&quot;:{&quot;url&quot;:&quot;&quot;,&quot;id&quot;:&quot;&quot;},&quot;jet_parallax_layout_image_mobile&quot;:{&quot;url&quot;:&quot;&quot;,&quot;id&quot;:&quot;&quot;},&quot;jet_parallax_layout_speed&quot;:{&quot;unit&quot;:&quot;%&quot;,&quot;size&quot;:50,&quot;sizes&quot;:[]},&quot;jet_parallax_layout_type&quot;:&quot;scroll&quot;,&quot;jet_parallax_layout_direction&quot;:null,&quot;jet_parallax_layout_fx_direction&quot;:null,&quot;jet_parallax_layout_z_index&quot;:&quot;&quot;,&quot;jet_parallax_layout_bg_x&quot;:50,&quot;jet_parallax_layout_bg_x_tablet&quot;:&quot;&quot;,&quot;jet_parallax_layout_bg_x_mobile&quot;:&quot;&quot;,&quot;jet_parallax_layout_bg_y&quot;:50,&quot;jet_parallax_layout_bg_y_tablet&quot;:&quot;&quot;,&quot;jet_parallax_layout_bg_y_mobile&quot;:&quot;&quot;,&quot;jet_parallax_layout_bg_size&quot;:&quot;auto&quot;,&quot;jet_parallax_layout_bg_size_tablet&quot;:&quot;&quot;,&quot;jet_parallax_layout_bg_size_mobile&quot;:&quot;&quot;,&quot;jet_parallax_layout_animation_prop&quot;:&quot;transform&quot;,&quot;jet_parallax_layout_on&quot;:[&quot;desktop&quot;,&quot;tablet&quot;]}],&quot;_ha_eqh_enable&quot;:false}\">\n\t\t\t\t\t\t<div class=\"elementor-container elementor-column-gap-default\">\n\t\t\t\t\t<div class=\"elementor-column elementor-col-100 elementor-top-column elementor-element elementor-element-77791ffd\" data-id=\"77791ffd\" data-element_type=\"column\">\n\t\t\t<div class=\"elementor-widget-wrap elementor-element-populated\">\n\t\t\t\t\t\t\t\t<div class=\"elementor-element elementor-element-5b1cf5c8 elementor-widget elementor-widget-text-editor\" data-id=\"5b1cf5c8\" data-element_type=\"widget\" data-widget_type=\"text-editor.default\">\n\t\t\t\t<div class=\"elementor-widget-container\">\n\t\t\t<style>\/*! elementor - v3.9.1 - 14-12-2022 *\/\n.elementor-widget-text-editor.elementor-drop-cap-view-stacked .elementor-drop-cap{background-color:#818a91;color:#fff}.elementor-widget-text-editor.elementor-drop-cap-view-framed .elementor-drop-cap{color:#818a91;border:3px solid;background-color:transparent}.elementor-widget-text-editor:not(.elementor-drop-cap-view-default) .elementor-drop-cap{margin-top:8px}.elementor-widget-text-editor:not(.elementor-drop-cap-view-default) .elementor-drop-cap-letter{width:1em;height:1em}.elementor-widget-text-editor .elementor-drop-cap{float:left;text-align:center;line-height:1;font-size:50px}.elementor-widget-text-editor .elementor-drop-cap-letter{display:inline-block}<\/style>\t\t\t\t<!-- wp:image {\"id\":5247,\"sizeSlug\":\"large\",\"linkDestination\":\"none\"} -->\n<figure class=\"wp-block-image size-large\"><img decoding=\"async\" width=\"1024\" height=\"768\" src=\"https:\/\/www.sanclemente.cl\/wp-content\/uploads\/2023\/01\/corralones2-1-1024x768.jpg\" alt=\"\" class=\"wp-image-5247\" srcset=\"https:\/\/www.sanclemente.cl\/wp-content\/uploads\/2023\/01\/corralones2-1-1024x768.jpg 1024w, https:\/\/www.sanclemente.cl\/wp-content\/uploads\/2023\/01\/corralones2-1-300x225.jpg 300w, https:\/\/www.sanclemente.cl\/wp-content\/uploads\/2023\/01\/corralones2-1-768x576.jpg 768w, https:\/\/www.sanclemente.cl\/wp-content\/uploads\/2023\/01\/corralones2-1-1536x1152.jpg 1536w, https:\/\/www.sanclemente.cl\/wp-content\/uploads\/2023\/01\/corralones2-1-560x420.jpg 560w, https:\/\/www.sanclemente.cl\/wp-content\/uploads\/2023\/01\/corralones2-1.jpg 1600w\" sizes=\"(max-width: 1024px) 100vw, 1024px\" \/><\/figure>\n<!-- \/wp:image -->\n\n<!-- wp:paragraph {\"fontSize\":\"large\"} -->\n<p class=\"has-large-font-size\">Atendiendo las solicitudes y requerimientos de los vecinos y vecinas, la \ud835\uddee\ud835\uddf9\ud835\uddf0\ud835\uddee\ud835\uddf9\ud835\uddf1\ud835\uddf2\ud835\ude00\ud835\uddee \ud835\udde0\ud835\uddee\ud835\uddff\ud835\uddf6\ud835\uddee \ud835\udddc\ud835\uddfb\ud835\uddf2\ud835\ude00 \ud835\udde6\ud835\uddf2\ud835\uddfd\ud835\ude02\ud835\uddf9\ud835\ude03\ud835\uddf2\ud835\uddf1\ud835\uddee \ud835\uddd9\ud835\ude02\ud835\uddf2\ud835\uddfb\ud835\ude01\ud835\uddf2\ud835\ude00 junto al Jefe Provincial de Vialidad Talca, Andr\u00e9 Jara, se trasladaron hasta el sector de Corralones para evaluar el estado de la calzada en la Ruta K-15 y de la Ruta K-235 hacia el sector de La Placeta.<\/p>\n<!-- \/wp:paragraph -->\n\n<!-- wp:image {\"id\":5245,\"sizeSlug\":\"large\",\"linkDestination\":\"none\"} -->\n<figure class=\"wp-block-image size-large\"><img decoding=\"async\" width=\"1024\" height=\"768\" src=\"https:\/\/www.sanclemente.cl\/wp-content\/uploads\/2023\/01\/corralones3-1024x768.jpg\" alt=\"\" class=\"wp-image-5245\" srcset=\"https:\/\/www.sanclemente.cl\/wp-content\/uploads\/2023\/01\/corralones3-1024x768.jpg 1024w, https:\/\/www.sanclemente.cl\/wp-content\/uploads\/2023\/01\/corralones3-300x225.jpg 300w, https:\/\/www.sanclemente.cl\/wp-content\/uploads\/2023\/01\/corralones3-768x576.jpg 768w, https:\/\/www.sanclemente.cl\/wp-content\/uploads\/2023\/01\/corralones3-1536x1152.jpg 1536w, https:\/\/www.sanclemente.cl\/wp-content\/uploads\/2023\/01\/corralones3-560x420.jpg 560w, https:\/\/www.sanclemente.cl\/wp-content\/uploads\/2023\/01\/corralones3.jpg 1600w\" sizes=\"(max-width: 1024px) 100vw, 1024px\" \/><\/figure>\n<!-- \/wp:image -->\n\n<!-- wp:paragraph {\"fontSize\":\"large\"} -->\n<p class=\"has-large-font-size\">Ambas autoridades recorrieron las rutas para gestionar de manera colaborativa pr\u00f3ximas reparaciones en la v\u00eda por parte de la Direcci\u00f3n Regional de Vialidad, que permitan a las comunidades y conductores, transitar por los caminos de una manera m\u00e1s segura.<\/p>\n<!-- \/wp:paragraph -->\t\t\t\t\t\t<\/div>\n\t\t\t\t<\/div>\n\t\t\t\t\t<\/div>\n\t\t<\/div>\n\t\t\t\t\t\t\t<\/div>\n\t\t<\/section>\n\t\t\t\t\t\t\t<\/div>\n\t\t","protected":false},"excerpt":{"rendered":"<p>Atendiendo las solicitudes y requerimientos de los vecinos y vecinas, la ????????? ????? ???? ????????? ??????? junto al Jefe Provincial de Vialidad Talca, Andr\u00e9 Jara, se trasladaron hasta el sector&hellip;<\/p>\n","protected":false},"author":1,"featured_media":5244,"comment_status":"closed","ping_status":"closed","sticky":false,"template":"","format":"standard","meta":{"footnotes":"","_expiration-date-status":"","_expiration-date":0,"_expiration-date-type":"","_expiration-date-categories":[],"_expiration-date-options":[]},"categories":[7,12],"tags":[],"class_list":["post-5246","post","type-post","status-publish","format-standard","has-post-thumbnail","hentry","category-destacado","category-municipal"],"_links":{"self":[{"href":"https:\/\/www.sanclemente.cl\/index.php\/wp-json\/wp\/v2\/posts\/5246","targetHints":{"allow":["GET"]}}],"collection":[{"href":"https:\/\/www.sanclemente.cl\/index.php\/wp-json\/wp\/v2\/posts"}],"about":[{"href":"https:\/\/www.sanclemente.cl\/index.php\/wp-json\/wp\/v2\/types\/post"}],"author":[{"embeddable":true,"href":"https:\/\/www.sanclemente.cl\/index.php\/wp-json\/wp\/v2\/users\/1"}],"replies":[{"embeddable":true,"href":"https:\/\/www.sanclemente.cl\/index.php\/wp-json\/wp\/v2\/comments?post=5246"}],"version-history":[{"count":4,"href":"https:\/\/www.sanclemente.cl\/index.php\/wp-json\/wp\/v2\/posts\/5246\/revisions"}],"predecessor-version":[{"id":5262,"href":"https:\/\/www.sanclemente.cl\/index.php\/wp-json\/wp\/v2\/posts\/5246\/revisions\/5262"}],"wp:featuredmedia":[{"embeddable":true,"href":"https:\/\/www.sanclemente.cl\/index.php\/wp-json\/wp\/v2\/media\/5244"}],"wp:attachment":[{"href":"https:\/\/www.sanclemente.cl\/index.php\/wp-json\/wp\/v2\/media?parent=5246"}],"wp:term":[{"taxonomy":"category","embeddable":true,"href":"https:\/\/www.sanclemente.cl\/index.php\/wp-json\/wp\/v2\/categories?post=5246"},{"taxonomy":"post_tag","embeddable":true,"href":"https:\/\/www.sanclemente.cl\/index.php\/wp-json\/wp\/v2\/tags?post=5246"}],"curies":[{"name":"wp","href":"https:\/\/api.w.org\/{rel}","templated":true}]}}