{"id":5957,"date":"2023-03-22T17:59:40","date_gmt":"2023-03-22T20:59:40","guid":{"rendered":"https:\/\/www.sanclemente.cl\/?p=5957"},"modified":"2023-03-27T16:08:32","modified_gmt":"2023-03-27T19:08:32","slug":"municipalidad-de-san-clemente-lanza-10-expo-pehuenche-2023","status":"publish","type":"post","link":"https:\/\/www.sanclemente.cl\/index.php\/2023\/03\/22\/municipalidad-de-san-clemente-lanza-10-expo-pehuenche-2023\/","title":{"rendered":"Municipalidad de San Clemente Lanza 10\u00b0 Expo Pehuenche 2023"},"content":{"rendered":"\n<p>La Ilustre Municipalidad de San Clemente se complace en anunciar la cuenta regresiva para dar inicio a nuestra \u201c10\u00b0 Feria Costumbrista Expo Pehuenche 2023\u201d, en conjunto con el Gobierno Regional del Maule y el Directorio de la Corporaci\u00f3n Regional de Desarrollo Productivo del Maule, donde se busca fomentar nuestra cultura, promoviendo tambi\u00e9n nuestras tradiciones campesinas, art\u00edsticas, productivas, comunitarias y tur\u00edsticas.<\/p>\n\n\n\n<p>Mar\u00eda In\u00e9s Sep\u00falveda, alcaldesa de nuestra comuna de San Clemente, se\u00f1al\u00f3: \u201cquiero agradecer a nuestra Gobernadora por el apoyo que nos ha entregado, porque creo que es important\u00edsimo el trabajo mancomunado que hemos logrado realizar con ellos y el apoyo tambi\u00e9n de INDAP y de nuestro equipo. En nuestra Expo Pehuenche, hoy en d\u00eda lo que lo que pretendemos realizar nosotros es poner en valor nuestro mundo agr\u00edcola, destacar el trabajo silencioso de nuestros agricultores y agricultoras pero tambi\u00e9n de nuestros artesanos y artesanas. Tambi\u00e9n colocar en valor y decir: aqu\u00ed estamos con nuestros juegos tradicionales, con nuestras carreras a la chilena que vamos a desarrollar ah\u00ed, trilla yegua suelta, el pan de horno de barro, nuestras tortillas de la comuna de San Clemente. Tambi\u00e9n tenemos muchas comidas t\u00edpicas e importantes y decirle no tan s\u00f3lo en la regi\u00f3n del Maule, sino que al pa\u00eds, que San Clemente tiene una Expo maravillosa para mostrarla y para poner en valor muchas cosas que hoy d\u00eda se han ido perdiendo y se han ido olvidando.\u201d<\/p>\n\n\n\n<figure class=\"wp-block-embed is-type-video is-provider-youtube wp-block-embed-youtube wp-embed-aspect-16-9 wp-has-aspect-ratio\"><div class=\"wp-block-embed__wrapper\">\n<iframe title=\"10\u00b0 Expo Pehuenche San Clemente 2023, la Feria Costumbrista m\u00e1s grande del Centro Sur de Chile \u2705\" width=\"500\" height=\"281\" src=\"https:\/\/www.youtube.com\/embed\/YWDQr-lvOJ4?feature=oembed\" frameborder=\"0\" allow=\"accelerometer; autoplay; clipboard-write; encrypted-media; gyroscope; picture-in-picture; web-share\" referrerpolicy=\"strict-origin-when-cross-origin\" allowfullscreen><\/iframe>\n<\/div><\/figure>\n\n\n\n<p>Por su parte, la Gobernadora Regional y Presidenta del CRDP Maule destac\u00f3:  \u201cpara nosotros es muy importante desde el Gobierno Regional del Maule trabajar en conjunto con nuestros alcaldes, alcaldesas, sobre todo en un proyecto que es tan importante para el fomento productivo de la comuna de San Clemente. La alcaldesa hace muchos meses vino a conversar con nosotros para solicitar recursos que permitan aportar y apoyar la Expo Pehuenche que se va a desarrollar el 31, 1 y 2 de abril, y nosotros desde el Gobierno Regional y la Corporaci\u00f3n Regional de Desarrollo Productivo, estamos disponibles para ayudar a nuestra alcaldesa en la comuna:, pero por sobre todo, potenciar y fortalecer el emprendimiento y el turismo de la Regi\u00f3n del Maule,  la Expo Pehuenche es muy importante y emblem\u00e1tica para la regi\u00f3n\u201d.<\/p>\n\n\n\n<p>La gran fiesta comunitaria de tres d\u00edas se realizar\u00e1 en la Explanada Municipal de 10 hect\u00e1reas ubicado camino a Quebrada de Agua (cerca del cruce Mariposas del by pass) los d\u00edas 31 de marzo; 01 y 02 de abril de 2023 y contar\u00e1 con patios de gastronom\u00eda nacional, regional y local; adem\u00e1s de reposter\u00eda t\u00edpica, acompa\u00f1ados de m\u00fasica, danza, faenas campesinas, exposici\u00f3n de maquinaria y productos agr\u00edcolas, juegos t\u00edpicos, artesan\u00eda, animales y artilugios, enmarcando nuestra identidad local.<\/p>\n\n\n\n<figure class=\"wp-block-embed is-type-video is-provider-youtube wp-block-embed-youtube wp-embed-aspect-16-9 wp-has-aspect-ratio\"><div class=\"wp-block-embed__wrapper\">\n<iframe title=\"Parrilla Art\u00edstica 10\u00b0 Fiesta Costumbrista Expo Pehuenche San Clemente 2023 \u2705\" width=\"500\" height=\"281\" src=\"https:\/\/www.youtube.com\/embed\/DL-Ovcl2q8c?feature=oembed\" frameborder=\"0\" allow=\"accelerometer; autoplay; clipboard-write; encrypted-media; gyroscope; picture-in-picture; web-share\" referrerpolicy=\"strict-origin-when-cross-origin\" allowfullscreen><\/iframe>\n<\/div><\/figure>\n\n\n\n<p><img decoding=\"async\" height=\"16\" width=\"16\" src=\"https:\/\/static.xx.fbcdn.net\/images\/emoji.php\/v9\/t2d\/1\/16\/1f4cd.png\" alt=\"?\"> Ubicaci\u00f3n: <a rel=\"noreferrer noopener\" href=\"https:\/\/goo.gl\/maps\/DooAf5TPe5RTFMCK6?fbclid=IwAR3fzaFQ3v2YVGz79MLit5LpFKiJLuhHBTO4wgxc1uj3NRpZ0jFDpGcuyu8\" target=\"_blank\">https:\/\/goo.gl\/maps\/DooAf5TPe5RTFMCK6<\/a><\/p>\n\n\n\n<p>En el lanzamiento tambi\u00e9n estuvieron presentes los concejales de San Clemente, Luis Far\u00edas e Ignacio Neira, dirigentes vecinales de la comuna y emprendedores de la regi\u00f3n del Maule. <br><br><\/p>\n\n\n\n<figure class=\"wp-block-gallery has-nested-images columns-default is-cropped wp-block-gallery-1 is-layout-flex wp-block-gallery-is-layout-flex\">\n<figure class=\"wp-block-image size-large\"><img decoding=\"async\" width=\"1024\" height=\"768\" data-id=\"5962\" src=\"https:\/\/www.sanclemente.cl\/wp-content\/uploads\/2023\/03\/WhatsApp-Image-2023-03-22-at-16.33.21-1024x768.jpeg\" alt=\"\" class=\"wp-image-5962\" srcset=\"https:\/\/www.sanclemente.cl\/wp-content\/uploads\/2023\/03\/WhatsApp-Image-2023-03-22-at-16.33.21-1024x768.jpeg 1024w, https:\/\/www.sanclemente.cl\/wp-content\/uploads\/2023\/03\/WhatsApp-Image-2023-03-22-at-16.33.21-300x225.jpeg 300w, https:\/\/www.sanclemente.cl\/wp-content\/uploads\/2023\/03\/WhatsApp-Image-2023-03-22-at-16.33.21-768x576.jpeg 768w, https:\/\/www.sanclemente.cl\/wp-content\/uploads\/2023\/03\/WhatsApp-Image-2023-03-22-at-16.33.21-1536x1152.jpeg 1536w, https:\/\/www.sanclemente.cl\/wp-content\/uploads\/2023\/03\/WhatsApp-Image-2023-03-22-at-16.33.21-560x420.jpeg 560w, https:\/\/www.sanclemente.cl\/wp-content\/uploads\/2023\/03\/WhatsApp-Image-2023-03-22-at-16.33.21.jpeg 1600w\" sizes=\"(max-width: 1024px) 100vw, 1024px\" \/><\/figure>\n<\/figure>\n","protected":false},"excerpt":{"rendered":"<p>La Ilustre Municipalidad de San Clemente se complace en anunciar la cuenta regresiva para dar inicio a nuestra \u201c10\u00b0 Feria Costumbrista Expo Pehuenche 2023\u201d, en conjunto con el Gobierno Regional&hellip;<\/p>\n","protected":false},"author":6,"featured_media":5961,"comment_status":"closed","ping_status":"open","sticky":false,"template":"","format":"standard","meta":{"footnotes":"","_expiration-date-status":"","_expiration-date":0,"_expiration-date-type":"","_expiration-date-categories":[],"_expiration-date-options":[]},"categories":[7,12],"tags":[37,35,38,36],"class_list":["post-5957","post","type-post","status-publish","format-standard","has-post-thumbnail","hentry","category-destacado","category-municipal","tag-chile","tag-expopehuenche","tag-feriaexpopehuenche","tag-sanclemente"],"_links":{"self":[{"href":"https:\/\/www.sanclemente.cl\/index.php\/wp-json\/wp\/v2\/posts\/5957","targetHints":{"allow":["GET"]}}],"collection":[{"href":"https:\/\/www.sanclemente.cl\/index.php\/wp-json\/wp\/v2\/posts"}],"about":[{"href":"https:\/\/www.sanclemente.cl\/index.php\/wp-json\/wp\/v2\/types\/post"}],"author":[{"embeddable":true,"href":"https:\/\/www.sanclemente.cl\/index.php\/wp-json\/wp\/v2\/users\/6"}],"replies":[{"embeddable":true,"href":"https:\/\/www.sanclemente.cl\/index.php\/wp-json\/wp\/v2\/comments?post=5957"}],"version-history":[{"count":6,"href":"https:\/\/www.sanclemente.cl\/index.php\/wp-json\/wp\/v2\/posts\/5957\/revisions"}],"predecessor-version":[{"id":6069,"href":"https:\/\/www.sanclemente.cl\/index.php\/wp-json\/wp\/v2\/posts\/5957\/revisions\/6069"}],"wp:featuredmedia":[{"embeddable":true,"href":"https:\/\/www.sanclemente.cl\/index.php\/wp-json\/wp\/v2\/media\/5961"}],"wp:attachment":[{"href":"https:\/\/www.sanclemente.cl\/index.php\/wp-json\/wp\/v2\/media?parent=5957"}],"wp:term":[{"taxonomy":"category","embeddable":true,"href":"https:\/\/www.sanclemente.cl\/index.php\/wp-json\/wp\/v2\/categories?post=5957"},{"taxonomy":"post_tag","embeddable":true,"href":"https:\/\/www.sanclemente.cl\/index.php\/wp-json\/wp\/v2\/tags?post=5957"}],"curies":[{"name":"wp","href":"https:\/\/api.w.org\/{rel}","templated":true}]}}