{"id":7075,"date":"2023-04-24T13:02:31","date_gmt":"2023-04-24T17:02:31","guid":{"rendered":"https:\/\/www.sanclemente.cl\/?p=7075"},"modified":"2023-04-24T13:02:33","modified_gmt":"2023-04-24T17:02:33","slug":"alcaldesa-de-san-clemente-y-seremi-de-bienes-nacionales-realizaron-fiscalizacion-por-denuncias-ciudadanas-de-intervencion-del-rio-maule","status":"publish","type":"post","link":"https:\/\/www.sanclemente.cl\/index.php\/2023\/04\/24\/alcaldesa-de-san-clemente-y-seremi-de-bienes-nacionales-realizaron-fiscalizacion-por-denuncias-ciudadanas-de-intervencion-del-rio-maule\/","title":{"rendered":"Alcaldesa de San Clemente y Seremi de Bienes Nacionales realizaron fiscalizaci\u00f3n por denuncias ciudadanas de intervenci\u00f3n del r\u00edo Maule"},"content":{"rendered":"\n<hr class=\"wp-block-separator has-alpha-channel-opacity\" \/>\n\n\n\n<p><em>La inspecci\u00f3n de las autoridades tambi\u00e9n cont\u00f3 con la intervenci\u00f3n de la Direcci\u00f3n de Obras Hidr\u00e1ulicas y la Direcci\u00f3n General de Aguas, quienes se situaron en el sector de El M\u00e9dano en San Clemente y recorrieron el sector para constatar los hechos.<\/em><\/p>\n\n\n\n<figure class=\"wp-block-image size-full\"><img decoding=\"async\" width=\"1024\" height=\"768\" src=\"https:\/\/www.sanclemente.cl\/wp-content\/uploads\/2023\/04\/Alcaldesa-Fiscalizacion-Rio-Maule.jpeg\" alt=\"\" class=\"wp-image-7076\" srcset=\"https:\/\/www.sanclemente.cl\/wp-content\/uploads\/2023\/04\/Alcaldesa-Fiscalizacion-Rio-Maule.jpeg 1024w, https:\/\/www.sanclemente.cl\/wp-content\/uploads\/2023\/04\/Alcaldesa-Fiscalizacion-Rio-Maule-300x225.jpeg 300w, https:\/\/www.sanclemente.cl\/wp-content\/uploads\/2023\/04\/Alcaldesa-Fiscalizacion-Rio-Maule-768x576.jpeg 768w, https:\/\/www.sanclemente.cl\/wp-content\/uploads\/2023\/04\/Alcaldesa-Fiscalizacion-Rio-Maule-560x420.jpeg 560w\" sizes=\"(max-width: 1024px) 100vw, 1024px\" \/><\/figure>\n\n\n\n<p>Este viernes 21 de abril de 2023, la alcaldesa de San Clemente, Mar\u00eda In\u00e9s Sep\u00falveda Fuentes y el Seremi de Bienes Nacionales, C\u00e9sar Concha Gatica, acompa\u00f1ados de personal de la Direcci\u00f3n de Obras Hidr\u00e1ulicas y la Direcci\u00f3n General de Aguas, se trasladaron hasta el sector de El M\u00e9dano para fiscalizar el sector, ante las m\u00faltiples denuncias de su comunidad por una presunta intervenci\u00f3n del r\u00edo Maule y su ribera en la zona.<\/p>\n\n\n\n<p>Las autoridades realizaron un recorrido de inspecci\u00f3n en el lugar, en compa\u00f1\u00eda de los vecinos y vecinas del sector, quienes previamente, denunciaron los hechos a la alcaldesa de San Clemente y por medio de su gesti\u00f3n, al Ministerio de Bienes Nacionales en Santiago, organismo que, por ley, tiene la supervigilancia de la administraci\u00f3n del bien de uso p\u00fablico.<\/p>\n\n\n\n<p>La fiscalizaci\u00f3n estuvo enfocada en tres ejes de inter\u00e9s, principalmente, como lo son la posible intervenci\u00f3n del r\u00edo Maule, la administraci\u00f3n de la ribera del mismo y los pozones de aguas termales existentes en el lugar, que poseen un alto inter\u00e9s tur\u00edstico en el sector, por parte de visitantes locales, nacionales y extranjeros.<\/p>\n\n\n\n<p>Respecto a la inspecci\u00f3n, el Seremi de Bienes Nacionales, C\u00e9sar Concha, detall\u00f3 que \u201cpor los reclamos existentes sobre apropiaci\u00f3n indebida en el sector de El M\u00e9dano en San Clemente, hicimos una fiscalizaci\u00f3n en conjunto con la Direcci\u00f3n General de Aguas, Municipalidad de San Clemente, DOH y Ministerio de Bienes Nacionales (\u2026) Este es un tema que se viene arrastrando hace bastante tiempo, muchos servicios estamos conectados respecto a la administraci\u00f3n de este cauce y la idea es armar verdaderamente una mesa de trabajo, t\u00e9cnica, que tenga como objetivo recuperar el bien de uso p\u00fablico para todos los maulinos\u201d.<\/p>\n\n\n\n<p>Por su parte, la alcaldesa de San Clemente, Mar\u00eda In\u00e9s Sep\u00falveda Fuentes, asegur\u00f3 que \u201cla ribera y el caudal de nuestro R\u00edo Maule, es un bien nacional de uso p\u00fablico, que, sin duda, debe ser de acceso libre para nuestros vecinos y vecinas. Sin embargo, hay algunas situaciones que nos merecen observaci\u00f3n y duda, y que con nuestro Seremi de Bienes Nacionales iremos evaluando. Hace bastante tiempo que la gente viene solicitando la liberaci\u00f3n de la ribera del r\u00edo. Hoy estamos llamados a protegerlo y cuidarlo, pero tambi\u00e9n a proteger el derecho de tener acceso libre a nuestros r\u00edos. Vamos a evaluar la situaci\u00f3n en compa\u00f1\u00eda de los servicios pertinentes. Nosotros como municipalidad, tambi\u00e9n tenemos que reunir la cantidad de antecedentes necesarios para velar porque as\u00ed sea, que la ribera de nuestros r\u00edos sea de uso p\u00fablico, de manera permanente\u201d.<\/p>\n\n\n\n<hr class=\"wp-block-separator has-alpha-channel-opacity\" \/>\n\n\n\n<figure class=\"wp-block-gallery has-nested-images columns-default is-cropped wp-block-gallery-1 is-layout-flex wp-block-gallery-is-layout-flex\">\n<figure class=\"wp-block-image size-large\"><img decoding=\"async\" width=\"1024\" height=\"768\" data-id=\"7078\" src=\"https:\/\/www.sanclemente.cl\/wp-content\/uploads\/2023\/04\/WhatsApp-Image-2023-04-24-at-12.52.42-1.jpeg\" alt=\"\" class=\"wp-image-7078\" srcset=\"https:\/\/www.sanclemente.cl\/wp-content\/uploads\/2023\/04\/WhatsApp-Image-2023-04-24-at-12.52.42-1.jpeg 1024w, https:\/\/www.sanclemente.cl\/wp-content\/uploads\/2023\/04\/WhatsApp-Image-2023-04-24-at-12.52.42-1-300x225.jpeg 300w, https:\/\/www.sanclemente.cl\/wp-content\/uploads\/2023\/04\/WhatsApp-Image-2023-04-24-at-12.52.42-1-768x576.jpeg 768w, https:\/\/www.sanclemente.cl\/wp-content\/uploads\/2023\/04\/WhatsApp-Image-2023-04-24-at-12.52.42-1-560x420.jpeg 560w\" sizes=\"(max-width: 1024px) 100vw, 1024px\" \/><\/figure>\n\n\n\n<figure class=\"wp-block-image size-large\"><img decoding=\"async\" width=\"1024\" height=\"768\" data-id=\"7079\" src=\"https:\/\/www.sanclemente.cl\/wp-content\/uploads\/2023\/04\/WhatsApp-Image-2023-04-24-at-12.52.43.jpeg\" alt=\"\" class=\"wp-image-7079\" srcset=\"https:\/\/www.sanclemente.cl\/wp-content\/uploads\/2023\/04\/WhatsApp-Image-2023-04-24-at-12.52.43.jpeg 1024w, https:\/\/www.sanclemente.cl\/wp-content\/uploads\/2023\/04\/WhatsApp-Image-2023-04-24-at-12.52.43-300x225.jpeg 300w, https:\/\/www.sanclemente.cl\/wp-content\/uploads\/2023\/04\/WhatsApp-Image-2023-04-24-at-12.52.43-768x576.jpeg 768w, https:\/\/www.sanclemente.cl\/wp-content\/uploads\/2023\/04\/WhatsApp-Image-2023-04-24-at-12.52.43-560x420.jpeg 560w\" sizes=\"(max-width: 1024px) 100vw, 1024px\" \/><\/figure>\n\n\n\n<figure class=\"wp-block-image size-large\"><img decoding=\"async\" width=\"1024\" height=\"768\" data-id=\"7077\" src=\"https:\/\/www.sanclemente.cl\/wp-content\/uploads\/2023\/04\/WhatsApp-Image-2023-04-24-at-12.52.42.jpeg\" alt=\"\" class=\"wp-image-7077\" srcset=\"https:\/\/www.sanclemente.cl\/wp-content\/uploads\/2023\/04\/WhatsApp-Image-2023-04-24-at-12.52.42.jpeg 1024w, https:\/\/www.sanclemente.cl\/wp-content\/uploads\/2023\/04\/WhatsApp-Image-2023-04-24-at-12.52.42-300x225.jpeg 300w, https:\/\/www.sanclemente.cl\/wp-content\/uploads\/2023\/04\/WhatsApp-Image-2023-04-24-at-12.52.42-768x576.jpeg 768w, https:\/\/www.sanclemente.cl\/wp-content\/uploads\/2023\/04\/WhatsApp-Image-2023-04-24-at-12.52.42-560x420.jpeg 560w\" sizes=\"(max-width: 1024px) 100vw, 1024px\" \/><\/figure>\n<\/figure>\n","protected":false},"excerpt":{"rendered":"<p>La inspecci\u00f3n de las autoridades tambi\u00e9n cont\u00f3 con la intervenci\u00f3n de la Direcci\u00f3n de Obras Hidr\u00e1ulicas y la Direcci\u00f3n General de Aguas, quienes se situaron en el sector de El&hellip;<\/p>\n","protected":false},"author":6,"featured_media":7077,"comment_status":"closed","ping_status":"open","sticky":false,"template":"","format":"standard","meta":{"footnotes":"","_expiration-date-status":"","_expiration-date":0,"_expiration-date-type":"","_expiration-date-categories":[],"_expiration-date-options":[]},"categories":[12],"tags":[],"class_list":["post-7075","post","type-post","status-publish","format-standard","has-post-thumbnail","hentry","category-municipal"],"_links":{"self":[{"href":"https:\/\/www.sanclemente.cl\/index.php\/wp-json\/wp\/v2\/posts\/7075","targetHints":{"allow":["GET"]}}],"collection":[{"href":"https:\/\/www.sanclemente.cl\/index.php\/wp-json\/wp\/v2\/posts"}],"about":[{"href":"https:\/\/www.sanclemente.cl\/index.php\/wp-json\/wp\/v2\/types\/post"}],"author":[{"embeddable":true,"href":"https:\/\/www.sanclemente.cl\/index.php\/wp-json\/wp\/v2\/users\/6"}],"replies":[{"embeddable":true,"href":"https:\/\/www.sanclemente.cl\/index.php\/wp-json\/wp\/v2\/comments?post=7075"}],"version-history":[{"count":1,"href":"https:\/\/www.sanclemente.cl\/index.php\/wp-json\/wp\/v2\/posts\/7075\/revisions"}],"predecessor-version":[{"id":7080,"href":"https:\/\/www.sanclemente.cl\/index.php\/wp-json\/wp\/v2\/posts\/7075\/revisions\/7080"}],"wp:featuredmedia":[{"embeddable":true,"href":"https:\/\/www.sanclemente.cl\/index.php\/wp-json\/wp\/v2\/media\/7077"}],"wp:attachment":[{"href":"https:\/\/www.sanclemente.cl\/index.php\/wp-json\/wp\/v2\/media?parent=7075"}],"wp:term":[{"taxonomy":"category","embeddable":true,"href":"https:\/\/www.sanclemente.cl\/index.php\/wp-json\/wp\/v2\/categories?post=7075"},{"taxonomy":"post_tag","embeddable":true,"href":"https:\/\/www.sanclemente.cl\/index.php\/wp-json\/wp\/v2\/tags?post=7075"}],"curies":[{"name":"wp","href":"https:\/\/api.w.org\/{rel}","templated":true}]}}